{"id":474264,"date":"2026-05-04T17:51:17","date_gmt":"2026-05-04T17:51:17","guid":{"rendered":"https:\/\/www.europesays.com\/it\/474264\/"},"modified":"2026-05-04T17:51:17","modified_gmt":"2026-05-04T17:51:17","slug":"il-milan-e-i-100-milioni-che-sposta-la-champions-lincubo-da-evitare","status":"publish","type":"post","link":"https:\/\/www.europesays.com\/it\/474264\/","title":{"rendered":"Il Milan e i &#8220;100 milioni&#8221; che sposta la Champions: l&#8217;incubo da evitare"},"content":{"rendered":"<p>                                Allegri alla vigilia del Sassuolo aveva quantificato in questi termini il fiume di denaro in ballo sul mercato estivo a seconda della qualificazione europea o meno<\/p>\n<p>            <a class=\"image is-50x50\" href=\"https:\/\/www.gazzetta.it\/redazione\/marco-pasotto\/\" rel=\"nofollow noopener\" target=\"_blank\"><br \/>\n                <img decoding=\"async\" class=\"is-rounded\" src=\"https:\/\/www.europesays.com\/it\/wp-content\/uploads\/2026\/04\/marco_pasotto_avatar.png\" alt=\"Marco Pasotto\"\/><br \/>\n            <\/a><\/p>\n<p>Giornalista<\/p>\n<p>                    4 maggio &#8211; 18:52  &#8211; MILANO<\/p>\n<p class=\"paragraph\" spellcheck=\"true\">Bei tempi &#8211; viene da pensare in questi giorni di vacche magre &#8211; quando per arrivare in tripla cifra sul mercato era sufficiente immaginare la teorica quotazione del cartellino di Leao. Adesso a Casa Milan per mettere insieme 100 milioni in entrata occorre impilare tutta una serie di fattori. Il primo dei quali \u00e8 ovviamente la qualificazione in Champions. Volendo fare una media che probabilmente non si discosta molto dalla realt\u00e0, parliamo di una parola che Allegri, dal raduno di luglio a oggi, avr\u00e0 pronunciato &#8211; a stare stretti &#8211; almeno cinquecento volte. Un&#8217;ossessione che deriva dalla missione, perch\u00e9 la prima cosa &#8211; ovvero l&#8217;unica non negoziabile &#8211; chiesta dalla propriet\u00e0 nel momento in cui l&#8217;ha riportato a Milanello, \u00e8 stata chiudere il campionato in uno dei primi quattro posti. Dove primo \u00e8 sicuramente bello, anzi bellissimo; ma dove secondo, terzo o quarto \u00e8 imprescindibile. E quindi in una scala di priorit\u00e0 viene prima di tutto.<\/p>\n<p>        introiti\u2014 \u00a0<\/p>\n<p class=\"paragraph\" spellcheck=\"true\">Alla vigilia dello sprofondo di Reggio Emilia, Max ha chiarito perfettamente il motivo per cui qualificarsi alla prossima Champions \u00e8 la sine qua non: &#8220;Sposta di cento milioni il mercato&#8221;. Certo, non \u00e8 un automatismo: raggiungere l&#8217;obiettivo non significa che quella cifra venga trasferita dai conti Uefa a quelli rossoneri. Ma gli introiti garantiti dal governo del calcio europeo permettono di gestire gli investimenti sul mercato con una certa tranquillit\u00e0. In termini di partecipazione pura, parliamo di una sessantina di milioni a cui poi aggiungere gli incassi da botteghino e i premi legati ai singoli risultati. Non basta sicuramente per arrivare a cento, ma \u00e8 la propulsione vitale a cui aggiungere i proventi dalle cessioni, che nel caso del Milan sono destinati a comporre l&#8217;altra voce importante nella liquidit\u00e0 di cassa.<\/p>\n<p><a class=\"is-partner-link\" href=\"https:\/\/abbonamenti.gazzetta.it\/scudetto-inter-poster-de\/\" rel=\"nofollow noopener\" target=\"_blank\">Inter Campione d\u2019Italia: abbonati alla Digital Edition + Poster Prima Pagina a 4,99\u20ac\/mese<\/a><\/p>\n<p>        mix\u2014 \u00a0<\/p>\n<p class=\"paragraph\" spellcheck=\"true\">Nell&#8217;ambito di queste riflessioni, le problematiche maggiori sono due. La prima \u00e8 la sgradevole eredit\u00e0 di questa stagione senza Europa che ovviamente ha avuto (e avr\u00e0) un impatto sui virtuosismi di bilancio, sebbene il club abbia adottato tutte le contromisure possibili per mitigarlo. La seconda \u00e8 che la rosa di quest&#8217;anno ha bisogno di miglioramenti profondi. Strutturali. In termini numerici e in termini di qualit\u00e0. Occorre aumentarla di 4-5 unit\u00e0 e, soprattutto, occorre che arrivino giocatori pronti. Come ha sottolineato Allegri, \u00e8 corretto pensare a un mix di uomini esperti e prospetti di buon livello da far crescere ma, osservando il gruppo attuale, ci sono zone del campo oggettivamente non all&#8217;altezza per affrontare le difficolt\u00e0 di una Champions sempre pi\u00f9 competitiva. Tutto questo ha un prezzo, e non \u00e8 un prezzo basso. Insomma, anche se arriveranno i proventi Uefa, servir\u00e0 comunque un certo equilibrismo per non fare il passo pi\u00f9 lungo della gamba finanziariamente. La scorsa estate il club rossonero spese 165 milioni in entrata, incassandone 160 in uscita. La stella polare di base resta questa, magari in termini un po&#8217; meno stringenti potendo contare sui milioni Uefa. Sono loro che spostano, come sa bene anche Allegri.<\/p>\n<p class=\"is-copyright\">\u00a9 RIPRODUZIONE RISERVATA<\/p>\n","protected":false},"excerpt":{"rendered":"Allegri alla vigilia del Sassuolo aveva quantificato in questi termini il fiume di denaro in ballo sul mercato&hellip;\n","protected":false},"author":3,"featured_media":474265,"comment_status":"","ping_status":"","sticky":false,"template":"","format":"standard","meta":{"footnotes":"","_share_on_mastodon":"0"},"categories":[1452],"tags":[17725,179624,264200,5649,30943,3076,36,15427,721,1969,5370,554,4974,1740,87310,1537,90,89,1412,553,65772,809,43541,3269,37177,5385,4734,55921,4285,2521,10333,1739,245,244,3425,26933,2529,6524],"class_list":["post-474264","post","type-post","status-publish","format-standard","has-post-thumbnail","category-calcio","tag-adottato","tag-adottato-contromisure","tag-adottato-contromisure-possibili","tag-affrontare","tag-aggiungere","tag-allegri","tag-arrivare","tag-ballo","tag-calcio","tag-champions","tag-cifra","tag-club","tag-entrata","tag-football","tag-introiti","tag-it","tag-italia","tag-italy","tag-mercato","tag-milan","tag-mix","tag-obiettivo","tag-occorre","tag-ovviamente","tag-parliamo","tag-pensare","tag-prezzo","tag-proventi","tag-qualificazione","tag-seconda","tag-sicuramente","tag-soccer","tag-sport","tag-sports","tag-termini","tag-uefa","tag-viene","tag-vigilia"],"share_on_mastodon":{"url":"https:\/\/pubeurope.com\/@it\/116517581246907981","error":""},"_links":{"self":[{"href":"https:\/\/www.europesays.com\/it\/wp-json\/wp\/v2\/posts\/474264","targetHints":{"allow":["GET"]}}],"collection":[{"href":"https:\/\/www.europesays.com\/it\/wp-json\/wp\/v2\/posts"}],"about":[{"href":"https:\/\/www.europesays.com\/it\/wp-json\/wp\/v2\/types\/post"}],"author":[{"embeddable":true,"href":"https:\/\/www.europesays.com\/it\/wp-json\/wp\/v2\/users\/3"}],"replies":[{"embeddable":true,"href":"https:\/\/www.europesays.com\/it\/wp-json\/wp\/v2\/comments?post=474264"}],"version-history":[{"count":0,"href":"https:\/\/www.europesays.com\/it\/wp-json\/wp\/v2\/posts\/474264\/revisions"}],"wp:featuredmedia":[{"embeddable":true,"href":"https:\/\/www.europesays.com\/it\/wp-json\/wp\/v2\/media\/474265"}],"wp:attachment":[{"href":"https:\/\/www.europesays.com\/it\/wp-json\/wp\/v2\/media?parent=474264"}],"wp:term":[{"taxonomy":"category","embeddable":true,"href":"https:\/\/www.europesays.com\/it\/wp-json\/wp\/v2\/categories?post=474264"},{"taxonomy":"post_tag","embeddable":true,"href":"https:\/\/www.europesays.com\/it\/wp-json\/wp\/v2\/tags?post=474264"}],"curies":[{"name":"wp","href":"https:\/\/api.w.org\/{rel}","templated":true}]}}