{"id":474486,"date":"2026-05-04T21:01:16","date_gmt":"2026-05-04T21:01:16","guid":{"rendered":"https:\/\/www.europesays.com\/it\/474486\/"},"modified":"2026-05-04T21:01:16","modified_gmt":"2026-05-04T21:01:16","slug":"a-22-anni-apre-il-suo-secondo-negozio-e-gira-il-mondo-con-la-uae-di-pogacar","status":"publish","type":"post","link":"https:\/\/www.europesays.com\/it\/474486\/","title":{"rendered":"A 22 anni apre il suo secondo negozio e gira il mondo con la Uae di Pogacar"},"content":{"rendered":"<p><strong>E\u2019 partito dall\u2019Enaip di Rovigo<\/strong>, oggi gira il mondo al seguito del <strong>ciclista pi\u00f9 forte in assoluto<\/strong> e, da giovane imprenditore, a <strong>22 anni<\/strong> ha aperto il suo secondo \u201cbike shop\u201d. Lui \u00e8 <strong>Jacopo Samogizio<\/strong>, originario di <strong>Granze<\/strong>, in provincia di <strong>Padova<\/strong>, ma molto legato a <strong>Rovigo<\/strong>. Qui ha iniziato a correre in bici, giovanissimo, nell&#8217;<strong>Emic Bosaro<\/strong> della famiglia <strong>Rondina<\/strong>, e qui ha frequentato le scuole, il <strong>De Amicis<\/strong> prima e l&#8217;<strong>Enaip<\/strong> dopo. \u201cMi sono trovato molto bene, ho ancora tanti amici a Rovigo\u201d, spiega.<\/p>\n<p><strong>Sabato scorso, a Teolo Alta,<\/strong> ha tagliato il nastro del suo <strong>secondo negozio<\/strong>: non solo una rivendita di accessori e abbigliamento di ciclismo, ma un&#8217;<strong>officina<\/strong> dove, lui per primo, si sporca le mani: \u201cVenerd\u00ec mattina, mentre allestivo la vetrina per l&#8217;inaugurazione, si sono fermati decine di ciclisti che avevano bisogno di assistenza. Ho cercato di aiutare tutti\u201d, dice con un sorriso.<\/p>\n<p>E non capita tutti i giorni di farsi riparare una foratura da un meccanico del team di\u00a0<strong>Tadej Pogacar<\/strong>: s\u00ec perch\u00e9 Jacopo lavora per la\u00a0<strong>Uae Emirates<\/strong>, la squadra del ciclista pi\u00f9 forte del mondo. Quella in corso \u00e8 la <strong>quarta stagione<\/strong> in cui il giovane <strong>meccanico formatosi a Rovigo<\/strong> assiste il nuovo <strong>Cannibale del ciclismo<\/strong> e i suoi compagni: da <strong>marted\u00ec 12 maggio<\/strong> sar\u00e0 al fianco della squadra al <strong>Giro d&#8217;Italia<\/strong>, quindi il programma prevede <strong>Tour de France<\/strong>, <strong>Giro under 23<\/strong> e <strong>Vuelta di Spagna<\/strong>.<\/p>\n<p>In parallelo, il lavoro da imprenditore. \u201cIl mio <strong>primo negozio<\/strong> l&#8217;ho aperto a <strong>19 anni<\/strong>, in societ\u00e0 &#8211; racconta Jacopo &#8211; magari anche con un po&#8217; di incoscienza perch\u00e9 a quell&#8217;et\u00e0 non sai mai cosa pu\u00f2 succedere. Diciamo che mi sono buttato. Poi per\u00f2 in questi <strong>tre anni<\/strong> ho capito che voglio che il mio <strong>futuro sia nel ciclismo<\/strong>, e ho lavorato per questo\u201d. E sabato ha aggiunto un nuovo negozio alla <strong>filiera Eos<\/strong>, con il nome <strong>\u201cSamo the mechanic\u201d<\/strong>.<\/p>\n<p>\u201cFin da bambino passavo le mie giornate smontando le biciclette. Poi non riuscivo mai a rimontarle, ma da l\u00ec \u00e8 nata una <strong>grande passione<\/strong>, e adesso questo lavoro per me \u00e8 un <strong>grande divertimento<\/strong>, che faccio sempre col <strong>sorriso<\/strong>. Ed \u00e8 la <strong>cosa pi\u00f9 importante<\/strong>\u201d.<\/p>\n<p>Il negozio di <strong>Teolo<\/strong> guarda a 360 gradi: <strong>bici da strada, gravel, mountain bike<\/strong>. Del resto, la posizione \u00e8 strategica e qui arrivano ciclisti di tutti i tipi. In esposizione, al fianco di marchi come <strong>Colnago<\/strong> ed <strong>Enve<\/strong>, anche il materiale <strong>Uae Emirates<\/strong>: \u201cE&#8217; merito loro se sono arrivato fin qui, hanno creduto in me e continuano a crescermi\u201d, riconosce Samogizio.<\/p>\n<p>Un angolo del negozio \u00e8 dedicato ai <strong>cimeli<\/strong>: <strong>maglia rosa, maglia gialla, maglia iridata<\/strong>, tutte <strong>autografate da Pogacar<\/strong>. In mezzo, uno <strong>spazio vuoto per foto<\/strong> e \u201cmemorabilia\u201d delle imprese che verranno. Perch\u00e9 il <strong>futuro di Jacopo \u00e8 qui<\/strong>. \u201c<strong>Sono giovane e penso positivo<\/strong>. Nella vita per \u2018spaccare\u2019 non bisogna mai fermarsi, neanche di fronte alle difficolt\u00e0\u201d.\u00a0<strong>La mentalit\u00e0 del campione.<\/strong><\/p>\n","protected":false},"excerpt":{"rendered":"E\u2019 partito dall\u2019Enaip di Rovigo, oggi gira il mondo al seguito del ciclista pi\u00f9 forte in assoluto e,&hellip;\n","protected":false},"author":3,"featured_media":474487,"comment_status":"","ping_status":"","sticky":false,"template":"","format":"standard","meta":{"footnotes":"","_share_on_mastodon":"0"},"categories":[1456],"tags":[1824,1825,28087,5560,1537,90,89,264279,8516,245,244],"class_list":["post-474486","post","type-post","status-publish","format-standard","has-post-thumbnail","category-ciclismo","tag-ciclismo","tag-cycling","tag-eccellenze","tag-imprenditore","tag-it","tag-italia","tag-italy","tag-jacopo-samogizio","tag-rovigo","tag-sport","tag-sports"],"share_on_mastodon":{"url":"https:\/\/pubeurope.com\/@it\/116518327830426378","error":""},"_links":{"self":[{"href":"https:\/\/www.europesays.com\/it\/wp-json\/wp\/v2\/posts\/474486","targetHints":{"allow":["GET"]}}],"collection":[{"href":"https:\/\/www.europesays.com\/it\/wp-json\/wp\/v2\/posts"}],"about":[{"href":"https:\/\/www.europesays.com\/it\/wp-json\/wp\/v2\/types\/post"}],"author":[{"embeddable":true,"href":"https:\/\/www.europesays.com\/it\/wp-json\/wp\/v2\/users\/3"}],"replies":[{"embeddable":true,"href":"https:\/\/www.europesays.com\/it\/wp-json\/wp\/v2\/comments?post=474486"}],"version-history":[{"count":0,"href":"https:\/\/www.europesays.com\/it\/wp-json\/wp\/v2\/posts\/474486\/revisions"}],"wp:featuredmedia":[{"embeddable":true,"href":"https:\/\/www.europesays.com\/it\/wp-json\/wp\/v2\/media\/474487"}],"wp:attachment":[{"href":"https:\/\/www.europesays.com\/it\/wp-json\/wp\/v2\/media?parent=474486"}],"wp:term":[{"taxonomy":"category","embeddable":true,"href":"https:\/\/www.europesays.com\/it\/wp-json\/wp\/v2\/categories?post=474486"},{"taxonomy":"post_tag","embeddable":true,"href":"https:\/\/www.europesays.com\/it\/wp-json\/wp\/v2\/tags?post=474486"}],"curies":[{"name":"wp","href":"https:\/\/api.w.org\/{rel}","templated":true}]}}