{"id":474793,"date":"2026-05-05T01:40:41","date_gmt":"2026-05-05T01:40:41","guid":{"rendered":"https:\/\/www.europesays.com\/it\/474793\/"},"modified":"2026-05-05T01:40:41","modified_gmt":"2026-05-05T01:40:41","slug":"biglietti-scaletta-bus-e-dove-parcheggiare","status":"publish","type":"post","link":"https:\/\/www.europesays.com\/it\/474793\/","title":{"rendered":"biglietti, scaletta, bus e dove parcheggiare"},"content":{"rendered":"<p>Sabato 2 maggio Elisa \u00e8 in concerto a Bologna. L&#8217;artista torna sui palchi italiani con la parte primaverile del tour Elisa Palasport Live, una tourn\u00e9e pensata come prosecuzione del grande momento artistico iniziato con i concerti negli stadi e culminato in spettacoli pi\u00f9 raccolti ma emotivamente intensi nei palazzetti. La tappa di Bologna \u00e8 all&#8217;Unipol Arena di Casalecchio di Reno.\u00a0<\/p>\n<p>Il tour nei palasport rappresenta una fase particolare della sua carriera: meno \u201cevento monumentale\u201d e pi\u00f9 dialogo diretto con il pubblico. Le date si concentrano tra fine aprile e inizio maggio 2026, toccando diverse citt\u00e0 italiane e portando in scena uno spettacolo costruito soprattutto sulla voce e sull\u2019atmosfera.<\/p>\n<p><a href=\"https:\/\/www.bolognatoday.it\/signup\/premium-products\/?source=subscribe\" target=\"_blank\" rel=\"nofollow noopener\"><strong>Registrati alla sezione Dossier BolognaToday<\/strong><\/a><\/p>\n<p>Sul palco Elisa alterna momenti energici a passaggi quasi intimi: pianoforte, arrangiamenti elettronici, luci essenziali e una scaletta che mescola classici amatissimi e brani pi\u00f9 recenti. Tra le canzoni spesso presenti compaiono pezzi simbolo come Eppure sentire (un senso di te), O forse sei tu e altri brani che raccontano le diverse fasi della sua evoluzione musicale. L\u2019idea dello spettacolo \u00e8 quella di un viaggio emotivo pi\u00f9 che di un semplice concerto: Elisa parla molto con il pubblico, racconta le canzoni e costruisce ogni sera un clima quasi confidenziale, nonostante le dimensioni dei palasport.<\/p>\n<p>Tutto su Elisa<\/p>\n<p>Elisa Toffoli nasce a Trieste nel 1977 e cresce a Monfalcone, in un ambiente culturalmente aperto tra Italia ed Europa orientale. Fin da bambina coltiva diverse arti \u2014 danza, pittura, scrittura \u2014 ma \u00e8 nella musica che trova il suo linguaggio pi\u00f9 naturale: a 11 anni scrive gi\u00e0 canzoni e da adolescente canta in gruppi locali sperimentando generi diversi. Il debutto discografico arriva nel 1997 con Pipes &amp; Flowers, album cantato interamente in inglese che la impone subito come una voce atipica nel panorama italiano. Negli anni Elisa costruisce una carriera molto personale, capace di fondere pop, rock, soul e suggestioni elettroniche, distinguendosi per l\u2019uso del falsetto e per un\u2019intensit\u00e0 interpretativa molto riconoscibile. Uno degli aspetti pi\u00f9 particolari della sua storia artistica \u00e8 la continua ricerca: passa senza paura dall\u2019inglese all\u2019italiano, da produzioni internazionali a brani pi\u00f9 introspettivi, mantenendo sempre una forte autenticit\u00e0 emotiva. \u00c8 considerata una delle cantautrici pi\u00f9 influenti della musica italiana contemporanea.<\/p>\n<p>La scaletta possibile<\/p>\n<p>Elisa in concerto a Torino: la scaletta (probabile)<\/p>\n<p>Questa scaletta, rilanciata da Setlist, potrebbe essere o avvicinarsi molto a quella che verr\u00e0 messa in scena sabato sera. Ecco le canzoni:\u00a0<\/p>\n<p>Un filo di seta negli abissi<br \/>Stay<br \/>Labyrinth<br \/>Luce (tramonti a nord est)<br \/>O forse sei tu<br \/>Heaven Out of Hell<br \/>Dancing<br \/>Yashal<br \/>Rock Your Soul<br \/>Broken<br \/>Ti vorrei sollevare<br \/>Amore \u00e8 (new song)<br \/>FOMO (new song)<br \/>Ogni istante<br \/>Vivere tutte le vite<br \/>Zombie (The Cranberries cover)<br \/>Shadow Zone \/ Bitter Words \/ Inside a Flower \/ Your Manifesto \/ Cure Me \/ NEON &#8211; Le Ali<br \/>Se piovesse il tuo nome<br \/>Anche fragile<br \/>L&#8217;anima vola<br \/>No Hero<br \/>Rainbow<br \/>Together<br \/>Eppure sentire (un senso di te)<br \/>Gli ostacoli del cuore<br \/>A modo tuo<\/p>\n<p>Unipol Arena: come arrivare<\/p>\n<p>L&#8217;Unipol Arena sorge di fronte a una importante area commerciale, ad altissima frequentazione di pubblico, dove hanno sede Carrefour, Ikea e Leroy Merlin. Facilmente raggiungibile in treno, in bus, in auto e in aereo, comprende una stazione ferroviaria collegata con la Stazione di Bologna e dispone di un\u2019area dedicata a parcheggio di 50.000 mq.<\/p>\n<p>Se si arriva in auto. In autostrada \u00e8 raggiungibile percorrendo la A1, A13 e A14, uscendo al casello di Casalecchio di Reno e imboccando l\u2019uscita 1 Bis e il relativo asse attrezzato. L\u2019uscita \u00e8 la 7bis.<\/p>\n<p>Se si arriva in autobus: da Bologna linee autobus extraurbane numero 83, 94, 671 e 686. La fermata \u00e8 a 50 metri dall\u2019Arena. Fermata \u201cCeretolo Vivaldi\u201d. Da Casalecchio di Reno: linea 85 in servizio sul territorio di Casalecchio di Reno. Fermata \u201cCasalecchio De Curtis\u201d (per informazioni Tper 051 290290 e <a href=\"https:\/\/www.tper.it\/\" target=\"_blank\" rel=\"nofollow noopener\">www.tper.it<\/a>).<\/p>\n<p>Se si arriva in treno: collegamento con la Stazione Centrale di Bologna tramite la Linea Ferroviaria Suburbana (Bologna \u2013 Vignola). Fermata Casalecchio Palasport. L\u2019Arena si trova a 1 minuto dalla stazione Casalecchio Garibaldi Palasport \u2013 19 minuti da Bologna Centrale \u2013 35 minuti da Firenze \u2013 1 ora da Milano \u2013 100 minuti da Roma. Se si arriva in aereo: l&#8217;Unipol Arena \u00e8 a 8,8 km dall\u2019aeroporto G. Marconi di Bologna.<\/p>\n<p>Dove parcheggiare<\/p>\n<p>All\u2019esterno dell\u2019Arena \u00e8 presente un parcheggio con 5000 posti auto. Il parcheggio non \u00e8 prenotabile ma fino a esaurimento posti, al costo di 10 euro.<\/p>\n<p>Navette per e di ritorno dal concerto<\/p>\n<p>La navetta 975 \u00e8 attiva con un servizio di collegamento diretto, senza fermate intermedie, tra la Stazione Centrale di Bologna e l\u2019Unipol Arena di Casalecchio di Reno. Nelle giornate dei concerti, gli autobus della linea 975 partiranno in prossimit\u00e0 della Stazione Centrale, dalla fermata I, su viale Pietramellara, lato farmacia, con corse ogni 15 minuti attive dalle ore 17 alle ore 20. Al ritorno, al termine del concerto, i bus partiranno da via Antonio De Curtis davanti Leroy Merlin ed effettueranno le fermate a richiesta: Ospedale Maggiore, San Felice, Marconi, Piazza dei Martiri, Amendola, Stazione Centrale.<\/p>\n<p>Biglietti per la navetta 975<\/p>\n<p>Il biglietto della 975 \u00e8 venduto a tariffa speciale ed \u00e8 utilizzabile esclusivamente sulla navetta 975 per una corsa di andata e una di ritorno, solo nei giorni e per l\u2019evento specificati nel biglietto acquistato. Si consiglia di premunirsi per tempo del titolo di viaggio che dovr\u00e0 poi essere convalidato a bordo mezzo utilizzando l\u2019apposito validatore di colore verde o presso il personale preposto. Il biglietto acquistato vale per 1 viaggio a evento e si intende andata-ritorno.<br \/>Se si intende fare un solo viaggio (solo andata o solo ritorno) il biglietto e la relativa tariffa rimane la stessa.<\/p>\n<p>Costi della navetta<\/p>\n<p>Prevendita sul sito Tper 7 euro (fino al giorno prima dell\u2019evento) in biglietteria TPer o prima di salire: 10 euro (solo il giorno stesso dell\u2019evento). A bordo della linea 975 non sono utilizzabili altri titoli o abbonamenti. il titolo di viaggio non e\u2019 duplicabile e vale solo per la data e l\u2019evento indicati.<br \/>On line il titolo viene fornito su formato QR Code e pu\u00f2 essere stampato oppure esibito direttamente sul proprio telefono cellulare. Si consiglia, ove possibile, di stamparlo per evitare il rischio dello scaricarsi del dispositivo.<\/p>\n<p>\u00a0<\/p>\n<ol>\n<li data-list-item-id=\"ede1a4cd5aff31e7c6e84c943d3b9c745\">\u00a0<\/li>\n<\/ol>\n<p>  &#13;<br \/>\n&#13;<br \/>\n  &lt;!?php if ( SF_DOMAIN == &#8216;citynews-bruxellestoday&#8217; || SF_DOMAIN == &#8216;citynews-cagliaritoday&#8217; || SF_DOMAIN == &#8216;citynews-sassaritoday&#8217; || SF_DOMAIN == &#8216;citynews-tarantotoday&#8217; || SF_DOMAIN == &#8216;citynews-viterbotoday&#8217; || SF_DOMAIN == &#8216;citynews-ferraratoday&#8217; ): ?&gt;&#13;<br \/>\n    &#13;<br \/>\n  &lt;!?php endif; ?&gt;&#13;<br \/>\n  &#13;<br \/>\n&#13;<br \/>\n        &#13;<br \/>\n        &#13;<\/p>\n","protected":false},"excerpt":{"rendered":"Sabato 2 maggio Elisa \u00e8 in concerto a Bologna. L&#8217;artista torna sui palchi italiani con la parte primaverile&hellip;\n","protected":false},"author":3,"featured_media":474794,"comment_status":"","ping_status":"","sticky":false,"template":"","format":"standard","meta":{"footnotes":"","_share_on_mastodon":"0"},"categories":[1443],"tags":[8807,264423,2943,203,204,1537,90,89,1538,1539,92957],"class_list":["post-474793","post","type-post","status-publish","format-standard","has-post-thumbnail","category-musica","tag-artisti","tag-casalecchio-di-reno","tag-concerti","tag-entertainment","tag-intrattenimento","tag-it","tag-italia","tag-italy","tag-music","tag-musica","tag-palazzetti"],"share_on_mastodon":{"url":"https:\/\/pubeurope.com\/@it\/116519425333997874","error":""},"_links":{"self":[{"href":"https:\/\/www.europesays.com\/it\/wp-json\/wp\/v2\/posts\/474793","targetHints":{"allow":["GET"]}}],"collection":[{"href":"https:\/\/www.europesays.com\/it\/wp-json\/wp\/v2\/posts"}],"about":[{"href":"https:\/\/www.europesays.com\/it\/wp-json\/wp\/v2\/types\/post"}],"author":[{"embeddable":true,"href":"https:\/\/www.europesays.com\/it\/wp-json\/wp\/v2\/users\/3"}],"replies":[{"embeddable":true,"href":"https:\/\/www.europesays.com\/it\/wp-json\/wp\/v2\/comments?post=474793"}],"version-history":[{"count":0,"href":"https:\/\/www.europesays.com\/it\/wp-json\/wp\/v2\/posts\/474793\/revisions"}],"wp:featuredmedia":[{"embeddable":true,"href":"https:\/\/www.europesays.com\/it\/wp-json\/wp\/v2\/media\/474794"}],"wp:attachment":[{"href":"https:\/\/www.europesays.com\/it\/wp-json\/wp\/v2\/media?parent=474793"}],"wp:term":[{"taxonomy":"category","embeddable":true,"href":"https:\/\/www.europesays.com\/it\/wp-json\/wp\/v2\/categories?post=474793"},{"taxonomy":"post_tag","embeddable":true,"href":"https:\/\/www.europesays.com\/it\/wp-json\/wp\/v2\/tags?post=474793"}],"curies":[{"name":"wp","href":"https:\/\/api.w.org\/{rel}","templated":true}]}}