{"id":475821,"date":"2026-05-05T16:28:22","date_gmt":"2026-05-05T16:28:22","guid":{"rendered":"https:\/\/www.europesays.com\/it\/475821\/"},"modified":"2026-05-05T16:28:22","modified_gmt":"2026-05-05T16:28:22","slug":"data-percorso-e-strade-chiuse","status":"publish","type":"post","link":"https:\/\/www.europesays.com\/it\/475821\/","title":{"rendered":"data, percorso e strade chiuse\u00a0"},"content":{"rendered":"<p>            <a href=\"https:\/\/milanoevents.it\/wp-content\/uploads\/2026\/05\/m0ukyIvCSyn9Msf1Xaaq_240426-084644.png\" data-caption=\"Il Giro d\u2019Italia arriva a Milano: data, percorso e strade chiuse\u00a0\" rel=\"nofollow noopener\" target=\"_blank\"><img loading=\"lazy\" decoding=\"async\" src=\"https:\/\/www.europesays.com\/it\/wp-content\/uploads\/2026\/05\/m0ukyIvCSyn9Msf1Xaaq_240426-084644-696x348.png\" height=\"348\" width=\"696\"   class=\"entry-thumb td-modal-image sp-no-webp\" alt=\"Il Giro d\u2019Italia arriva a Milano: data, percorso e strade chiuse\u00a0\" title=\"Il Giro d\u2019Italia arriva a Milano: data, percorso e strade chiuse\u00a0\"\/> <\/a>Il Giro d\u2019Italia arriva a Milano: data, percorso e strade chiuse\u00a0<\/p>\n<p>\nAdvertisement &#13;<br \/>\n&#13;\n<\/p>\n<p>Il Giro d\u2019Italia arriva a Milano: data, percorso e strade chiuse<\/p>\n<p data-start=\"99\" data-end=\"362\">Milano torna protagonista della <strong data-start=\"131\" data-end=\"145\">Corsa Rosa<\/strong>. Dopo alcuni anni di assenza, il <strong data-start=\"179\" data-end=\"220\">Giro d\u2019Italia<\/strong> riporta il grande ciclismo nel cuore della citt\u00e0, con una tappa che promette spettacolo, volata finale e migliaia di persone lungo le strade.<\/p>\n<p data-start=\"364\" data-end=\"549\">Segna la data: <strong data-start=\"379\" data-end=\"406\">domenica 24 maggio 2026<\/strong>, Milano ospiter\u00e0 il <strong data-start=\"427\" data-end=\"460\">grande arrivo della 15\u00aa tappa<\/strong>, una delle giornate pi\u00f9 attese di questa edizione.<\/p>\n<p>Quando arriva il Giro a Milano?<\/p>\n<p data-start=\"592\" data-end=\"619\">L\u2019appuntamento ufficiale \u00e8:<\/p>\n<p data-start=\"621\" data-end=\"651\">\ud83d\udcc5 <strong data-start=\"624\" data-end=\"651\">Domenica 24 maggio 2026<\/strong><\/p>\n<p data-start=\"653\" data-end=\"926\">La tappa partir\u00e0 da <strong data-start=\"673\" data-end=\"714\">Voghera<\/strong> e si concluder\u00e0 a <strong data-start=\"733\" data-end=\"774\">Milano<\/strong>, per una frazione pensata soprattutto per i velocisti, ma con un finale cittadino che potrebbe regalare sorprese.<\/p>\n<p>\nAdvertisement &#13;<br \/>\n&#13;\n<\/p>\n<p>Il percorso: da Voghera a Milano<\/p>\n<p data-start=\"970\" data-end=\"1073\">La tappa misura circa <strong data-start=\"992\" data-end=\"1010\">157 chilometri<\/strong> e attraverser\u00e0 la Lombardia prima dell\u2019ingresso nel capoluogo.<\/p>\n<p data-start=\"1075\" data-end=\"1444\">Una volta arrivati a Milano, i corridori affronteranno un <strong data-start=\"1133\" data-end=\"1159\">circuito urbano finale<\/strong>, studiato proprio per permettere al pubblico di vedere i ciclisti pi\u00f9 volte prima dello sprint conclusivo. Il ritorno del Giro in citt\u00e0 rappresenta anche il <strong data-start=\"1317\" data-end=\"1363\">90\u00b0 arrivo di tappa nella storia di Milano<\/strong>, record assoluto nella storia della corsa.<\/p>\n<p>Dove potrebbe essere l\u2019arrivo?<\/p>\n<p data-start=\"1486\" data-end=\"1666\">Le indicazioni ufficiali sul circuito cittadino vengono comunicate pi\u00f9 avanti, ma \u00e8 gi\u00e0 confermato che ci sar\u00e0 un <strong data-start=\"1600\" data-end=\"1631\">finale completamente urbano<\/strong>, con pi\u00f9 passaggi dentro la citt\u00e0.<\/p>\n<p data-start=\"1668\" data-end=\"1906\">Nelle ultime settimane sono emersi anche aggiornamenti sul possibile circuito finale in zona nord-est della citt\u00e0, ma il percorso definitivo verr\u00e0 confermato dagli organizzatori pi\u00f9 vicino all\u2019evento.<\/p>\n<p>Dove vedere il Giro a Milano<\/p>\n<p data-start=\"1946\" data-end=\"2003\">Per vivere davvero l\u2019atmosfera, i punti migliori saranno:<\/p>\n<ul data-start=\"2005\" data-end=\"2199\">\n<li data-section-id=\"1ca15n2\" data-start=\"2005\" data-end=\"2033\">zone del circuito finale<\/li>\n<li data-section-id=\"fbdvc0\" data-start=\"2034\" data-end=\"2074\">rettilinei veloci prima dello sprint<\/li>\n<li data-section-id=\"qp98up\" data-start=\"2075\" data-end=\"2139\">aree con maxischermi e hospitality ufficiali (se confermate)<\/li>\n<li data-section-id=\"1s8poi\" data-start=\"2140\" data-end=\"2199\">passaggi centrali facilmente raggiungibili con la metro<\/li>\n<\/ul>\n<p data-start=\"2201\" data-end=\"2273\">Chi vuole le foto migliori dovrebbe arrivare almeno un paio d\u2019ore prima.<\/p>\n<p>Attenzione a traffico e strade chiuse<\/p>\n<p data-start=\"2322\" data-end=\"2413\">Come succede ogni anno durante il Giro, la viabilit\u00e0 cittadina subir\u00e0 modifiche temporanee.<\/p>\n<p data-start=\"2415\" data-end=\"2449\">Quindi il 24 maggio sono previste:<\/p>\n<ul data-start=\"2451\" data-end=\"2606\">\n<li data-section-id=\"1f79a3r\" data-start=\"2451\" data-end=\"2506\">chiusure progressive delle strade lungo il percorso<\/li>\n<li data-section-id=\"1tbrkbz\" data-start=\"2507\" data-end=\"2544\">deviazioni del trasporto pubblico<\/li>\n<li data-section-id=\"1jg2wil\" data-start=\"2545\" data-end=\"2606\">accessi limitati in alcune zone del centro e del circuito<\/li>\n<\/ul>\n<p data-start=\"2608\" data-end=\"2733\">Gli orari definitivi verranno pubblicati vicino alla tappa sul sito ufficiale del Giro.<\/p>\n","protected":false},"excerpt":{"rendered":"Il Giro d\u2019Italia arriva a Milano: data, percorso e strade chiuse\u00a0 Advertisement &#13; &#13; Il Giro d\u2019Italia arriva&hellip;\n","protected":false},"author":3,"featured_media":475822,"comment_status":"","ping_status":"","sticky":false,"template":"","format":"standard","meta":{"footnotes":"","_share_on_mastodon":"0"},"categories":[1446],"tags":[265060,265039,254602,265040,265038,1615,1613,1614,1611,1610,11693,265047,265041,1612,265052,8845,265061,203,265042,265056,265051,265044,265057,265055,69419,265058,265059,265035,265054,265032,73488,265049,204,1537,90,89,265053,28,265027,265026,265033,265036,265037,265046,265045,7,13592,265043,265048,265028,265029,265034,265030,265031,265050],"class_list":["post-475821","post","type-post","status-publish","format-standard","has-post-thumbnail","category-arte-e-design","tag-agenda-eventi-milano","tag-agenzia-di-eventi","tag-agenzia-eventi","tag-agenzia-organizzazione-eventi","tag-agenzie-eventi-milano","tag-arte","tag-arte-e-design","tag-arteedesign","tag-arts","tag-arts-and-design","tag-comunicazione","tag-concerti-milano","tag-cosa-fare-a-milano","tag-design","tag-divertimento-milano","tag-e-commerce","tag-e-ticketing","tag-entertainment","tag-eventi-culturali-milano","tag-eventi-estivi-milano","tag-eventi-gastronomici-milano","tag-eventi-gratuiti-milano","tag-eventi-invernali-milano","tag-eventi-mensili-milano","tag-eventi-milano","tag-eventi-per-famiglie-milano","tag-eventi-per-giovani-milano","tag-eventi-questo-weekend-milano","tag-eventi-settimanali-milano","tag-eventi-weekend-milano","tag-halloween","tag-incontri-milano","tag-intrattenimento","tag-it","tag-italia","tag-italy","tag-manifestazioni-milano","tag-milano","tag-milano-questo-week-end","tag-milano-weekend","tag-milano-weekend-eventi","tag-milanoevents","tag-milanoevents-it","tag-mostre-milano","tag-musica-dal-vivo-milano","tag-news","tag-pubblicita","tag-serate-a-milano","tag-spettacoli-milano","tag-week-end-a-milano","tag-week-end-milano","tag-week-end-milano-eventi","tag-weekend-a-milano","tag-weekend-milano","tag-workshop-milano"],"share_on_mastodon":{"url":"","error":"Validation failed: Text character limit of 500 exceeded"},"_links":{"self":[{"href":"https:\/\/www.europesays.com\/it\/wp-json\/wp\/v2\/posts\/475821","targetHints":{"allow":["GET"]}}],"collection":[{"href":"https:\/\/www.europesays.com\/it\/wp-json\/wp\/v2\/posts"}],"about":[{"href":"https:\/\/www.europesays.com\/it\/wp-json\/wp\/v2\/types\/post"}],"author":[{"embeddable":true,"href":"https:\/\/www.europesays.com\/it\/wp-json\/wp\/v2\/users\/3"}],"replies":[{"embeddable":true,"href":"https:\/\/www.europesays.com\/it\/wp-json\/wp\/v2\/comments?post=475821"}],"version-history":[{"count":0,"href":"https:\/\/www.europesays.com\/it\/wp-json\/wp\/v2\/posts\/475821\/revisions"}],"wp:featuredmedia":[{"embeddable":true,"href":"https:\/\/www.europesays.com\/it\/wp-json\/wp\/v2\/media\/475822"}],"wp:attachment":[{"href":"https:\/\/www.europesays.com\/it\/wp-json\/wp\/v2\/media?parent=475821"}],"wp:term":[{"taxonomy":"category","embeddable":true,"href":"https:\/\/www.europesays.com\/it\/wp-json\/wp\/v2\/categories?post=475821"},{"taxonomy":"post_tag","embeddable":true,"href":"https:\/\/www.europesays.com\/it\/wp-json\/wp\/v2\/tags?post=475821"}],"curies":[{"name":"wp","href":"https:\/\/api.w.org\/{rel}","templated":true}]}}