{"id":477364,"date":"2026-05-06T14:34:36","date_gmt":"2026-05-06T14:34:36","guid":{"rendered":"https:\/\/www.europesays.com\/it\/477364\/"},"modified":"2026-05-06T14:34:36","modified_gmt":"2026-05-06T14:34:36","slug":"alessandra-ricchizzi-racconta-il-trattamento-facial-che-ha-fatto-a-dua-lipa","status":"publish","type":"post","link":"https:\/\/www.europesays.com\/it\/477364\/","title":{"rendered":"Alessandra Ricchizzi racconta il trattamento facial che ha fatto a Dua Lipa"},"content":{"rendered":"<p><strong>Cosa contraddistingue il suo lavoro di facialist?<\/strong><br \/>\u00abLa mia firma \u00e8 la passione smisurata che nutro per questo lavoro, la tenacia che metto in ogni cosa che faccio e il risultato immediato, ma soprattutto duraturo che so di poter garantire con i miei trattamenti in cabina. \u00c8 tutto olistico: il tocco sul viso crea un\u2019energia unica che appartiene a ogni persona, e forse \u00e8 proprio questa energia ad avermi guidata nel mio percorso\u00bb.<\/p>\n<p><strong>Come nasce il suo protocollo \u201cCambio Pelle\u201d?<\/strong><br \/>\u00abCi ho lavorato tanto. Posso dire che \u00e8 un trattamento che fa davvero la differenza sulla qualit\u00e0 della pelle e che ho il piacere di insegnare anche nei miei corsi. Ho creato una sinergia di metodiche, per assicurarmi di agisce su pi\u00f9 fronti: rughe, macchie, lassit\u00e0 cutanea e disidratazione. In un approccio che stimola i fibroblasti a produrre collagene ed elastina\u00bb.<\/p>\n<p><strong>Com\u2019\u00e8 nato il rapporto con Dua Lipa?<\/strong><br \/>\u00abIncredibile, ma vero: sono gi\u00e0 tre anni e mezzo che ho la fortuna di trattare Dua Lipa. Me l\u2019ha presentata Lorenzo Posocco, che \u00e8 il suo stylist e che non smetter\u00f2 mai di ringraziare con tutto il cuore. Lei \u00e8 una vera pop star, splendida e anche molto gentile\u00bb.<\/p>\n<p><strong>Che tipo di trattamento fa su Dua Lipa?<\/strong><br \/>\u00abDua Lipa \u00e8 molto professionale e molto esigente, quindi ho cucito su di lei un protocollo impeccabile e personalizzato. Prima facciamo gli sblocchi linfatici, poi lavoriamo sul corpo perch\u00e9 con le sue coreografie ha bisogno di un massaggio completo. Devo ammettere che parte avvantaggiata, perch\u00e9 ha una pelle in ottimo stato. Comunque le propongo sempre il mio signature \u201cCambio Pelle\u201d, facendole la Queen Mask con pagliuzze in oro, usando le Dita Bioniche e concludendo con il mio AR Lifting Massage. I risultati sono arrivati subito, immediatamente tangibili\u00bb.<\/p>\n<p><strong>Qual \u00e8 l\u2019errore skincare pi\u00f9 comune che vede ripetere?<\/strong><br \/>\u00abTante persone vanno avanti anche anni usando un prodotto non adatto alla loro tipologia cutanea, spesso fuorviate da consigli skincare non corretti. Il problema nasce alla base: non si sa riconoscere la pelle, con le sue specifiche esigenze, e quindi la si tratta nel modo sbagliato\u00bb.<\/p>\n<p><strong>Da dove si parte per una pelle sana davvero, quali sono i pilastri essenziali della skin routine?<\/strong><br \/>\u00abLa prima cosa che, in assoluto, invito a fare \u00e8 detergere bene la pelle e idratarla. Sempre, ogni giorno, mattina e sera senza scuse. Sembra banale, ma noterete subito la differenza. Poi invito a massaggiare il viso ogni giorno per 5-10 minuti: partite sempre dal basso verso l\u2019alto e procedete dal centro verso le orecchie, includendo anche le orecchie stesse. Anche in questo caso, con costanza porterete a casa un aspetto del viso decisamente pi\u00f9 riposato e vitale. Oltre a quel glow alla Dua Lipa\u00bb.<\/p>\n","protected":false},"excerpt":{"rendered":"Cosa contraddistingue il suo lavoro di facialist?\u00abLa mia firma \u00e8 la passione smisurata che nutro per questo lavoro,&hellip;\n","protected":false},"author":3,"featured_media":477365,"comment_status":"","ping_status":"","sticky":false,"template":"","format":"standard","meta":{"footnotes":"","_share_on_mastodon":"0"},"categories":[1451],"tags":[1621,1620,6651,203,204,1537,90,89,25147,24289],"class_list":["post-477364","post","type-post","status-publish","format-standard","has-post-thumbnail","category-celebrita","tag-celebrita","tag-celebrities","tag-dua-lipa","tag-entertainment","tag-intrattenimento","tag-it","tag-italia","tag-italy","tag-trattamenti","tag-viso"],"share_on_mastodon":{"url":"https:\/\/pubeurope.com\/@it\/116528130835108453","error":""},"_links":{"self":[{"href":"https:\/\/www.europesays.com\/it\/wp-json\/wp\/v2\/posts\/477364","targetHints":{"allow":["GET"]}}],"collection":[{"href":"https:\/\/www.europesays.com\/it\/wp-json\/wp\/v2\/posts"}],"about":[{"href":"https:\/\/www.europesays.com\/it\/wp-json\/wp\/v2\/types\/post"}],"author":[{"embeddable":true,"href":"https:\/\/www.europesays.com\/it\/wp-json\/wp\/v2\/users\/3"}],"replies":[{"embeddable":true,"href":"https:\/\/www.europesays.com\/it\/wp-json\/wp\/v2\/comments?post=477364"}],"version-history":[{"count":0,"href":"https:\/\/www.europesays.com\/it\/wp-json\/wp\/v2\/posts\/477364\/revisions"}],"wp:featuredmedia":[{"embeddable":true,"href":"https:\/\/www.europesays.com\/it\/wp-json\/wp\/v2\/media\/477365"}],"wp:attachment":[{"href":"https:\/\/www.europesays.com\/it\/wp-json\/wp\/v2\/media?parent=477364"}],"wp:term":[{"taxonomy":"category","embeddable":true,"href":"https:\/\/www.europesays.com\/it\/wp-json\/wp\/v2\/categories?post=477364"},{"taxonomy":"post_tag","embeddable":true,"href":"https:\/\/www.europesays.com\/it\/wp-json\/wp\/v2\/tags?post=477364"}],"curies":[{"name":"wp","href":"https:\/\/api.w.org\/{rel}","templated":true}]}}