{"id":477922,"date":"2026-05-06T22:11:21","date_gmt":"2026-05-06T22:11:21","guid":{"rendered":"https:\/\/www.europesays.com\/it\/477922\/"},"modified":"2026-05-06T22:11:21","modified_gmt":"2026-05-06T22:11:21","slug":"basket-serie-c-la-nova-basket-lotta-ma-perde-in-gara-1-dei-playoff-contro-la-virtus-trapani","status":"publish","type":"post","link":"https:\/\/www.europesays.com\/it\/477922\/","title":{"rendered":"Basket, Serie C: la Nova Basket lotta, ma perde in Gara-1 dei playoff contro la Virtus Trapani"},"content":{"rendered":"<p>Si apre con una sconfitta la <strong>serie playoff<\/strong> nel Campionato di Serie C per la <strong>Nova Basket<\/strong>, che cade in Gara-1 sul campo della <strong>Virtus Trapani<\/strong> con il punteggio di 72-64.<\/p>\n<p>Una partita intensa, fisica, vera, giocata alla pari per lunghi tratti e decisa nella ripresa dalla maggiore solidit\u00e0 ed esperienza dei padroni di casa. Una gara dura, giocata a lungo punto a punto, in cui la <strong>Virtus Trapani<\/strong> \u00e8 stata brava a leggere la partita, a capitalizzare ogni possesso e a portarla a casa.<\/p>\n<p>La serie ora si sposta a <strong>Torrenova<\/strong>, dove Mercoled\u00ec alle 19 andr\u00e0 in scena Gara-2. Per la <strong>Nova Basket<\/strong> sar\u00e0 gi\u00e0 una partita senza appello: servir\u00e0 una prestazione di livello \u2013 da parte di tutti i protagonisti sul parquet \u2013 per allungare la serie e riportarla nuovamente a <strong>Trapani<\/strong>. <a href=\"https:\/\/siciliasportiva.com\/basket-serie-c-la-nova-basket-lotta-ma-perde-in-gara-1-dei-playoff-contro-la-virtus-trapani\/\" rel=\"nofollow noopener\" target=\"_blank\">Continua a leggere su siciliasportiva.com<\/a><\/p>\n","protected":false},"excerpt":{"rendered":"Si apre con una sconfitta la serie playoff nel Campionato di Serie C per la Nova Basket, che&hellip;\n","protected":false},"author":3,"featured_media":477923,"comment_status":"","ping_status":"","sticky":false,"template":"","format":"standard","meta":{"footnotes":"","_share_on_mastodon":"0"},"categories":[1453],"tags":[1756,1757,1856,266358,251935,266359,1537,90,89,266360,60820,12044,10198,266361,266362,245,244,266363,189813],"class_list":["post-477922","post","type-post","status-publish","format-standard","has-post-thumbnail","category-basket","tag-basket","tag-basketball","tag-campionato","tag-coach-pizzuto","tag-gara-1","tag-gara-2","tag-it","tag-italia","tag-italy","tag-nova-basket","tag-partita-combattuta","tag-sconfitta","tag-serie-c","tag-serie-playoff","tag-solidita-ed-esperienza","tag-sport","tag-sports","tag-torrenova","tag-virtus-trapani"],"share_on_mastodon":{"url":"https:\/\/pubeurope.com\/@it\/116529927849932087","error":""},"_links":{"self":[{"href":"https:\/\/www.europesays.com\/it\/wp-json\/wp\/v2\/posts\/477922","targetHints":{"allow":["GET"]}}],"collection":[{"href":"https:\/\/www.europesays.com\/it\/wp-json\/wp\/v2\/posts"}],"about":[{"href":"https:\/\/www.europesays.com\/it\/wp-json\/wp\/v2\/types\/post"}],"author":[{"embeddable":true,"href":"https:\/\/www.europesays.com\/it\/wp-json\/wp\/v2\/users\/3"}],"replies":[{"embeddable":true,"href":"https:\/\/www.europesays.com\/it\/wp-json\/wp\/v2\/comments?post=477922"}],"version-history":[{"count":0,"href":"https:\/\/www.europesays.com\/it\/wp-json\/wp\/v2\/posts\/477922\/revisions"}],"wp:featuredmedia":[{"embeddable":true,"href":"https:\/\/www.europesays.com\/it\/wp-json\/wp\/v2\/media\/477923"}],"wp:attachment":[{"href":"https:\/\/www.europesays.com\/it\/wp-json\/wp\/v2\/media?parent=477922"}],"wp:term":[{"taxonomy":"category","embeddable":true,"href":"https:\/\/www.europesays.com\/it\/wp-json\/wp\/v2\/categories?post=477922"},{"taxonomy":"post_tag","embeddable":true,"href":"https:\/\/www.europesays.com\/it\/wp-json\/wp\/v2\/tags?post=477922"}],"curies":[{"name":"wp","href":"https:\/\/api.w.org\/{rel}","templated":true}]}}