{"id":478022,"date":"2026-05-06T23:43:12","date_gmt":"2026-05-06T23:43:12","guid":{"rendered":"https:\/\/www.europesays.com\/it\/478022\/"},"modified":"2026-05-06T23:43:12","modified_gmt":"2026-05-06T23:43:12","slug":"che-auto-guida-stash-i-gioielli-personalizzati-del-frontman-dei-the-kolors","status":"publish","type":"post","link":"https:\/\/www.europesays.com\/it\/478022\/","title":{"rendered":"Che auto guida Stash, i gioielli personalizzati del frontman dei The Kolors"},"content":{"rendered":"<p>Con la sua band, i <strong>The Kolors<\/strong>, \u00e8 uno degli ospiti pi\u00f9 attesi a Tim Battiti Live Spring, nella puntata di mercoled\u00ec 6 maggio, in onda su Canale 5. La stessa energia ed esuberanza che hanno sostenuto <strong>Stash<\/strong> fin dagli inizi della carriera la ritroviamo sulle sue <strong>auto<\/strong>, dei gioielli personalizzati opposti come filosofia, affidati alle sapienti mani di Tittarelli Luxury Custom, perch\u00e9 lo stile non conosce confini di segmento o di prezzo.<\/p>\n<p>Da una parte brilla la<strong> Ferrari Purosangue<\/strong>, la prima \u201cruote alte\u201d di Maranello rivelatasi un successo commerciale clamoroso. Dall\u2019altra, fa bella mostra di s\u00e9 la pi\u00f9 amata dagli italiani, quella<strong> Fiat Panda<\/strong> che sembra sempre guadagnare fascino con il passare del tempo, un pezzo unico battezzato \u201cPandarella\u201d per l\u2019occasione.\n<\/p>\n<p>Il garage del frontman dei The Kolors<\/p>\n<p>Partendo dalla Ferrari, Stash ha chiesto una configurazione capace di esaltare le linee scultoree firmate da Flavio Manzoni senza scadere nell\u2019eccesso. Ribattezzata \u201cNaturalissima\u201d, la <a href=\"https:\/\/www.virgilio.it\/motori\/curiosita\/stash-ferrari-purosangue\/261757\/\" rel=\"nofollow noopener\" target=\"_blank\">Purosangue<\/a> del cantante sfoggia una raffinata tinta <strong>Titanio Naturale<\/strong>, arricchita da una livrea speciale in Nero Lucido che ne snellisce i volumi. I cerchi bicolore, anch\u2019essi in Titanio Naturale, completano un pacchetto estetico di rara classe.<\/p>\n<p>Sotto il cofano batte il leggendario V12 aspirato da 6.5 litri, capace di erogare <strong>725 CV<\/strong>, un \u201catto di ribellione\u201d all\u2019invasione su vasta scala dell\u2019ibridazione a tutti i costi, pronta a offrire un\u2019esperienza sensoriale di un\u2019epoca passata: 0-100 km\/h in 3,3 secondi e una velocit\u00e0 massima superiore ai 310 km\/h. Grazie alle sospensioni attive a 48 volt e a una distribuzione dei pesi quasi perfettamente bilanciata (49:51), l\u2019auto di Stash promette emozioni da pista, pur offrendo il comfort delle tipiche porte posteriori controvento.<\/p>\n<p>Ok, la Ferrari rappresenta il vertice dell\u2019ingegneria, ma come se la cava l\u2019altra creazione di Tittarelli? Una storica Fiat Panda rivisitata in chiave \u201cadventure\u201d tocca le corde del cuore: la <strong>livrea Desert Storm<\/strong>\u00a0avvolge l\u2019intera carrozzeria, inclusi i cerchi, in richiamo alle atmosfere dei grandi raid.<\/p>\n<blockquote class=\"tiktok-embed\" data-video-id=\"7308374204284456225\" style=\"max-width:605px;min-width:305px;padding:0;\"><\/blockquote>\n<p>In una clip diffusa sui social, l\u2019atelier romano spiega come ha trasformato la Panda: i <strong>dettagli gialli dei fendinebbia<\/strong> creano un contrasto con la tinta sabbia, mentre la griglia sui fari e la presa d\u2019aria supplementare richiamano il mondo dei rally. Il look da \u201cesploratrice\u201d \u00e8 completato da un <strong>portapacchi rinforzato<\/strong> sul tetto, per non porsi limiti.<\/p>\n<p>Pneumatici tacchettati quattro stagioni con paraschizzi dedicati permettono di affrontare ogni terreno e la dicitura <strong>\u201cPandarella\u201d<\/strong>, presente anche sulla parte inferiore della portiera, sigilla l\u2019inconfondibile stile \u201cpop-custom\u201d.<\/p>\n<p>Tim Battiti Live Spring: carica di energia<\/p>\n<p>Dopo aver fatto rombare i motori, Stash si accinge a far cantare i fan sul palco di Tim Battiti Live Spring. L\u2019esperimento primaverile del festival, condotto da Michelle Hunziker e Alvin, si sposta dalle spiagge pugliesi alla suggestiva cornice medievale di Ferrara.<\/p>\n<p>Nella splendida Piazza Trento e Trieste, i The Kolors sono tra i grandi protagonisti della serata insieme a nomi del calibro di <a href=\"https:\/\/www.virgilio.it\/motori\/curiosita\/auto-emma-marrone\/327687\/\" rel=\"nofollow noopener\" target=\"_blank\">Emma<\/a>, Fedez e <a href=\"https:\/\/www.virgilio.it\/motori\/curiosita\/auto-geolier\/327963\/\" rel=\"nofollow noopener\" target=\"_blank\">Geolier<\/a>. Il gruppo porta la carica dei loro ultimi successi in una puntata che promette di bissare il successo d\u2019ascolti dell\u2019esordio (oltre 2,2 milioni di spettatori). Dalla cura millimetrica per i dettagli delle proprie auto, alla potenza travolgente della musica live, Stash conferma di saper sempre come lasciare il segno.<\/p>\n","protected":false},"excerpt":{"rendered":"Con la sua band, i The Kolors, \u00e8 uno degli ospiti pi\u00f9 attesi a Tim Battiti Live Spring,&hellip;\n","protected":false},"author":3,"featured_media":478023,"comment_status":"","ping_status":"","sticky":false,"template":"","format":"standard","meta":{"footnotes":"","_share_on_mastodon":"0"},"categories":[173],"tags":[1679,7508,1537,90,89,213389,195,198,199,197,200,201,194,196],"class_list":["post-478022","post","type-post","status-publish","format-standard","has-post-thumbnail","category-scienza-e-tecnologia","tag-curiosita","tag-fiat-panda","tag-it","tag-italia","tag-italy","tag-le-auto-dei-vip","tag-science","tag-science-and-technology","tag-scienceandtechnology","tag-scienza","tag-scienza-e-tecnologia","tag-scienzaetecnologia","tag-technology","tag-tecnologia"],"share_on_mastodon":{"url":"https:\/\/pubeurope.com\/@it\/116530289588977493","error":""},"_links":{"self":[{"href":"https:\/\/www.europesays.com\/it\/wp-json\/wp\/v2\/posts\/478022","targetHints":{"allow":["GET"]}}],"collection":[{"href":"https:\/\/www.europesays.com\/it\/wp-json\/wp\/v2\/posts"}],"about":[{"href":"https:\/\/www.europesays.com\/it\/wp-json\/wp\/v2\/types\/post"}],"author":[{"embeddable":true,"href":"https:\/\/www.europesays.com\/it\/wp-json\/wp\/v2\/users\/3"}],"replies":[{"embeddable":true,"href":"https:\/\/www.europesays.com\/it\/wp-json\/wp\/v2\/comments?post=478022"}],"version-history":[{"count":0,"href":"https:\/\/www.europesays.com\/it\/wp-json\/wp\/v2\/posts\/478022\/revisions"}],"wp:featuredmedia":[{"embeddable":true,"href":"https:\/\/www.europesays.com\/it\/wp-json\/wp\/v2\/media\/478023"}],"wp:attachment":[{"href":"https:\/\/www.europesays.com\/it\/wp-json\/wp\/v2\/media?parent=478022"}],"wp:term":[{"taxonomy":"category","embeddable":true,"href":"https:\/\/www.europesays.com\/it\/wp-json\/wp\/v2\/categories?post=478022"},{"taxonomy":"post_tag","embeddable":true,"href":"https:\/\/www.europesays.com\/it\/wp-json\/wp\/v2\/tags?post=478022"}],"curies":[{"name":"wp","href":"https:\/\/api.w.org\/{rel}","templated":true}]}}