{"id":478767,"date":"2026-05-07T11:48:12","date_gmt":"2026-05-07T11:48:12","guid":{"rendered":"https:\/\/www.europesays.com\/it\/478767\/"},"modified":"2026-05-07T11:48:12","modified_gmt":"2026-05-07T11:48:12","slug":"billie-eilish-hit-me-hard-and-soft","status":"publish","type":"post","link":"https:\/\/www.europesays.com\/it\/478767\/","title":{"rendered":"Billie Eilish: Hit Me Hard and Soft"},"content":{"rendered":"<p>    Introduzione<\/p>\n<p>Billie Eilish e James Cameron reinventano il film-concerto con\u00a0<a data-intcmp=\"skytg24_schede_interlink_text\" href=\"https:\/\/tg24.sky.it\/spettacolo\/musica\/2026\/03\/19\/billie-eilish-hit-me-hard-and-soft-the-tour-trailer\" target=\"_self\" rel=\"nofollow noopener\">Hit Me Hard and Soft: the Tour<\/a>, un\u2019esperienza cinematografica che ridefinisce il concetto di visione dal vivo (il film documentario esce da oggi &#8211; gioved\u00ec 7 maggio 2026 &#8211; al cinema).\u00a0<\/p>\n<p>Registrato durante il suo tour mondiale, il film \u00e8 un esperienza musicale e cinematografica completamente nuova e immersiva, che porta sul grande schermo una delle artiste pi\u00f9 acclamate e influenti della sua generazione. Girato e presentato in 3D, il film \u00e8 diretto dai premi Oscar James Cameron e Billie Eilish (anche Eilish \u00e8 un premio Oscar, anzi pi\u00f9 di uno:\u00a0ha vinto due statuette per la Miglior canzone originale, diventando a 22 anni l&#8217;artista pi\u00f9 giovane a ottenere due statuette. Ha trionfato nel 2024 con What Was I Made For? da Barbie e nel 2022 con No Time to Die dall&#8217;omonimo film di 007, ndr).<\/p>\n<p>\u00a0<\/p>\n<p>Questo progetto trasforma radicalmente il linguaggio del film-concerto, spingendolo verso una dimensione tecnologica inedita. L\u2019opera si presenta come una riflessione profonda sul significato stesso del guardare, mettendo in discussione il tradizionale valore insostituibile dell\u2019esperienza dal vivo e proponendo una nuova modalit\u00e0 di immersione totale nello spettacolo musicale.<\/p>\n<p>Come dichiarato da James Cameron, \u201cil 3D \u00e8 una questione di vicinanza, di intimit\u00e0. Le persone spesso pensano che c\u2019entri con la spettacolarit\u00e0 ma in realt\u00e0 la tridimensionalit\u00e0 funziona molto di pi\u00f9 quando sei incollato al soggetto ripreso\u201d. Questo principio guida l\u2019intero impianto visivo del film, anche lontano dagli scenari fantastici di Pandora, applicandosi stavolta all\u2019universo performativo di Billie Eilish.<\/p>\n","protected":false},"excerpt":{"rendered":"Introduzione Billie Eilish e James Cameron reinventano il film-concerto con\u00a0Hit Me Hard and Soft: the Tour, un\u2019esperienza cinematografica&hellip;\n","protected":false},"author":3,"featured_media":478768,"comment_status":"","ping_status":"","sticky":false,"template":"","format":"standard","meta":{"footnotes":"","_share_on_mastodon":"0"},"categories":[1443],"tags":[30913,266805,33606,203,204,1537,90,89,127901,1538,1539],"class_list":["post-478767","post","type-post","status-publish","format-standard","has-post-thumbnail","category-musica","tag-billie-eilish","tag-billie-ellish","tag-documentari","tag-entertainment","tag-intrattenimento","tag-it","tag-italia","tag-italy","tag-james-cameron","tag-music","tag-musica"],"share_on_mastodon":{"url":"https:\/\/pubeurope.com\/@it\/116533140317785646","error":""},"_links":{"self":[{"href":"https:\/\/www.europesays.com\/it\/wp-json\/wp\/v2\/posts\/478767","targetHints":{"allow":["GET"]}}],"collection":[{"href":"https:\/\/www.europesays.com\/it\/wp-json\/wp\/v2\/posts"}],"about":[{"href":"https:\/\/www.europesays.com\/it\/wp-json\/wp\/v2\/types\/post"}],"author":[{"embeddable":true,"href":"https:\/\/www.europesays.com\/it\/wp-json\/wp\/v2\/users\/3"}],"replies":[{"embeddable":true,"href":"https:\/\/www.europesays.com\/it\/wp-json\/wp\/v2\/comments?post=478767"}],"version-history":[{"count":0,"href":"https:\/\/www.europesays.com\/it\/wp-json\/wp\/v2\/posts\/478767\/revisions"}],"wp:featuredmedia":[{"embeddable":true,"href":"https:\/\/www.europesays.com\/it\/wp-json\/wp\/v2\/media\/478768"}],"wp:attachment":[{"href":"https:\/\/www.europesays.com\/it\/wp-json\/wp\/v2\/media?parent=478767"}],"wp:term":[{"taxonomy":"category","embeddable":true,"href":"https:\/\/www.europesays.com\/it\/wp-json\/wp\/v2\/categories?post=478767"},{"taxonomy":"post_tag","embeddable":true,"href":"https:\/\/www.europesays.com\/it\/wp-json\/wp\/v2\/tags?post=478767"}],"curies":[{"name":"wp","href":"https:\/\/api.w.org\/{rel}","templated":true}]}}