{"id":479161,"date":"2026-05-07T17:14:15","date_gmt":"2026-05-07T17:14:15","guid":{"rendered":"https:\/\/www.europesays.com\/it\/479161\/"},"modified":"2026-05-07T17:14:15","modified_gmt":"2026-05-07T17:14:15","slug":"man-of-tomorrow-matthew-lillard-nel-cast-del-film-i-sky-tg24","status":"publish","type":"post","link":"https:\/\/www.europesays.com\/it\/479161\/","title":{"rendered":"Man of Tomorrow, Matthew Lillard nel cast del film I Sky TG24"},"content":{"rendered":"<p>Dopo la partecipazione al sequel di <a data-intcmp=\"skytg24_foglia articolo_interlink_text\" href=\"https:\/\/tg24.sky.it\/spettacolo\/cinema\/2025\/12\/04\/fnaf-2-film\" rel=\"nofollow noopener\" target=\"_blank\">Five Nights at Freddy&#8217;s<\/a> e al fortunato <a data-intcmp=\"skytg24_foglia articolo_interlink_text\" href=\"https:\/\/tg24.sky.it\/spettacolo\/cinema\/2026\/02\/27\/scream-7-recensione\" rel=\"nofollow noopener\" target=\"_blank\">Scream 7<\/a>, <strong>Matthew Lillard <\/strong>ha un nuovo impegno in agenda, questa volta con <strong>l&#8217;universo cinematografico DC<\/strong>.\u00a0<br \/>L&#8217;attore statunitense far\u00e0 parte del nuovo e attesissimo lavoro di James Gunn, Superman: Man of Tomorrow, pellicola la cui uscita \u00e8 fissata <a data-intcmp=\"skytg24_foglia articolo_interlink_text\" href=\"https:\/\/tg24.sky.it\/spettacolo\/cinema\/2025\/09\/03\/man-of-tomorrow-data-uscita\" rel=\"nofollow noopener\" target=\"_blank\">nelle sale USA per il 9 luglio 2027<\/a>.<br \/>Nessun commento sulla notizia confermata anche <a data-intcmp-qp=\"skytg24_foglia articolo_interlink_text\" href=\"https:\/\/deadline.com\/2026\/05\/superman-2-man-of-tomorrow-matthew-lillard-1236883112\/\" target=\"_blank\" rel=\"nofollow noopener\">da Deadline<\/a>.<br \/>James Gunn, come sempre, il miglior portavoce delle novit\u00e0 sui suoi set, ha condiviso sui social un primo scatto con l&#8217;amico attore, <strong>un selfie <\/strong>sotto al quale ha scritto: &#8220;Passando del tempo a chiacchierare con un mio amico di vecchia data senza una ragione specifica&#8221;, una didascalia che non ha ingannato i fan.<br \/>\u00a0<\/p>\n<p>\t\t \tLillard new entry insieme ad Aaron Pierre\u00a0<\/p>\n<p>Matthew Lillard sar\u00e0 nel prossimo film di Superman con protagonista David Corenswet nei panni dell&#8217;Uomo d&#8217;Acciaio.<br \/>Poche le aggiunte a questa notizia e<strong> nessun commento da parte dei DC Studios<\/strong>. Al momento, nessuno si sbilancia su quale potrebbe essere il suo ruolo, l&#8217;unica cosa certa \u00e8 che per l&#8217;attore classe 1970 questa e la prossima saranno due stagioni importanti.\u00a0<br \/>Dopo il ritorno nella saga di Scream a distanza di trent&#8217;anni dal primo film di Wes Craven, Lillard ha ritrovato l&#8217;affetto del grande pubblico con una pellicola di richiamo che \u00e8 gi\u00e0 uno dei maggiori incassi della stagione al box office.<br \/>Il prossimo progetto sar\u00e0 un blockbuster che, secondo i realizzatori, riporter\u00e0 al cinema i fan di Superman che hanno gi\u00e0 apprezzato il film del 2025 e che attedono il debutto questa estate di <a data-intcmp=\"skytg24_foglia articolo_interlink_text\" href=\"https:\/\/tg24.sky.it\/spettacolo\/cinema\/video\/2026\/04\/01\/supergirl-trailer-1086940\" rel=\"nofollow noopener\" target=\"_blank\">Supergirl<\/a> con Milly Alcock.<br \/>Apparso anche in tv con la recente stagione di Daredevil: Born Again, Lillard far\u00e0\u00a0 parte del nuovo progetto di Gunn nel quale torneranno i protagonisti della prima avventura.\u00a0<br \/>Oltre a David Corenswet, rivedremo anche, nuovamente nei panni dei loro personaggi, Nicholas Hoult, Rachel Brosnahan, Skyler Gisondo e Sara Sampaio. <strong><a data-intcmp=\"skytg24_foglia articolo_interlink_text\" href=\"https:\/\/tg24.sky.it\/spettacolo\/cinema\/2026\/03\/13\/superman-man-of-tomorrow-aaron-pierre\" rel=\"nofollow noopener\" target=\"_blank\">Aaron Pierre<\/a> <\/strong>\u00e8 gi\u00e0 stato segnato come<strong> new entry<\/strong> del sequel ma siamo sicuri che le sorprese nel cast non sono ancora finite.\u00a0<\/p>\n<p>\t\t\t<a class=\"c-inline-card j-inline-card \" href=\"https:\/\/tg24.sky.it\/spettacolo\/cinema\/2026\/04\/15\/superman-david-corenswet\" rel=\"follow nofollow noopener\" data-intcmp-qp=\"skytg24_articolo_approfondimenti_inline\" target=\"_blank\"><\/p>\n<p>\n\t\t\t         Vedi anche<br \/>\n\t\t\t         Superman, James Gunn pubblica una foto inedita di David Corenswet\n\t\t\t      <\/p>\n<p>\t\t\t<\/a><\/p>\n","protected":false},"excerpt":{"rendered":"Dopo la partecipazione al sequel di Five Nights at Freddy&#8217;s e al fortunato Scream 7, Matthew Lillard ha&hellip;\n","protected":false},"author":3,"featured_media":479162,"comment_status":"","ping_status":"","sticky":false,"template":"","format":"standard","meta":{"footnotes":"","_share_on_mastodon":"0"},"categories":[1442],"tags":[203,454,204,1537,90,89,1521,4666],"class_list":["post-479161","post","type-post","status-publish","format-standard","has-post-thumbnail","category-film","tag-entertainment","tag-film","tag-intrattenimento","tag-it","tag-italia","tag-italy","tag-movies","tag-superman"],"share_on_mastodon":{"url":"https:\/\/pubeurope.com\/@it\/116534422248318906","error":""},"_links":{"self":[{"href":"https:\/\/www.europesays.com\/it\/wp-json\/wp\/v2\/posts\/479161","targetHints":{"allow":["GET"]}}],"collection":[{"href":"https:\/\/www.europesays.com\/it\/wp-json\/wp\/v2\/posts"}],"about":[{"href":"https:\/\/www.europesays.com\/it\/wp-json\/wp\/v2\/types\/post"}],"author":[{"embeddable":true,"href":"https:\/\/www.europesays.com\/it\/wp-json\/wp\/v2\/users\/3"}],"replies":[{"embeddable":true,"href":"https:\/\/www.europesays.com\/it\/wp-json\/wp\/v2\/comments?post=479161"}],"version-history":[{"count":0,"href":"https:\/\/www.europesays.com\/it\/wp-json\/wp\/v2\/posts\/479161\/revisions"}],"wp:featuredmedia":[{"embeddable":true,"href":"https:\/\/www.europesays.com\/it\/wp-json\/wp\/v2\/media\/479162"}],"wp:attachment":[{"href":"https:\/\/www.europesays.com\/it\/wp-json\/wp\/v2\/media?parent=479161"}],"wp:term":[{"taxonomy":"category","embeddable":true,"href":"https:\/\/www.europesays.com\/it\/wp-json\/wp\/v2\/categories?post=479161"},{"taxonomy":"post_tag","embeddable":true,"href":"https:\/\/www.europesays.com\/it\/wp-json\/wp\/v2\/tags?post=479161"}],"curies":[{"name":"wp","href":"https:\/\/api.w.org\/{rel}","templated":true}]}}