{"id":480844,"date":"2026-05-08T17:42:14","date_gmt":"2026-05-08T17:42:14","guid":{"rendered":"https:\/\/www.europesays.com\/it\/480844\/"},"modified":"2026-05-08T17:42:14","modified_gmt":"2026-05-08T17:42:14","slug":"il-matrimonio-segreto-di-mariotto-8-jalisse-la-naturalezza-che-ci-piace-9","status":"publish","type":"post","link":"https:\/\/www.europesays.com\/it\/480844\/","title":{"rendered":"il matrimonio segreto di Mariotto (8), Jalisse, la naturalezza che ci piace (9)"},"content":{"rendered":"<p style=\"font-weight: 400\">A La Volta Buona si parla di matrimonio, divorzio e di tutto quello che sta nel mezzo, comprese le corna, argomento che nel mondo dello spettacolo non passa mai di moda.<strong> Caterina Balivo,<\/strong> nel pomeriggio dell\u20198 maggio, orchestra una puntata densa di ospiti che il matrimonio lo hanno vissuto, sopravvissuto o direttamente evitato, e qualcuno che invece si sta per sposare e non vede l\u2019ora di raccontarlo.<\/p>\n<p style=\"font-weight: 400\">Non mancano le<strong> opinioni forti<\/strong>: su tutte quella di Guillermo Mariotto, che sul tradimento ha una visione tutta sua. Il tutto condito da una dose generosa di ironia, quella degli ospiti e quella della conduttrice. Le <strong>nostre pagelle<\/strong>.<\/p>\n<p><strong>Storie di matrimonio, divorzio e tradimenti\u00a0(8)<\/strong><\/p>\n<p style=\"font-weight: 400\">La puntata di oggi ha un filo conduttore chiaro: <strong>ci si sposa, ci si pente, ci si lascia<\/strong>. Con annessa difficolt\u00e0 di rendere tutto ufficiale davanti alla Chiesa, che sul divorzio ha le sue opinioni e non ha intenzione di cambiarle pi\u00f9 di tanto. Ma il mondo va avanti lo stesso, e le separazioni sono sempre pi\u00f9 frequenti. Colpa di cosa? Spesso di <strong>un terzo incomodo<\/strong>, puntuale come la rata del mutuo.<\/p>\n<p style=\"font-weight: 400\">In studio sfilano cos\u00ec storie di <strong>coppie scoppiate per infedelt\u00e0,<\/strong> scoperta subito o dopo anni, ma anche chi il tradimento ha deciso di perdonarlo (<a href=\"https:\/\/dilei.it\/star-e-vip\/mara-maionchi\/\" rel=\"nofollow noopener\" target=\"_blank\">Mara Maionchi<\/a>) o direttamente di istituzionalizzarlo alla luce del sole, come Pupo con le sue due relazioni parallele e consenzienti.<\/p>\n<p style=\"font-weight: 400\"><a href=\"https:\/\/dilei.it\/spettacolo\/che-fine-ha-fatto-minnie-minoprio-icona-anni-70-the-voice-senior\/1251243\/\" rel=\"nofollow noopener\" target=\"_blank\">Minnie Minoprio<\/a> \u00e8 un\u2019altra storia: sposata giovanissima, undici anni di matrimonio di cui una buona parte vissuti come separati in casa. Lui poi l\u2019ha <strong>accusata di abbandono del tetto coniugale<\/strong>. Lei, con la disinvoltura di chi sa esattamente quello che vuole e non ha tempo da perdere, ha per\u00f2 spiegato a Caterina Balivo: \u201c<strong>Sono scappata di casa<\/strong> con Carlo, quello che sarebbe diventato il mio secondo marito.\u201d<\/p>\n<p style=\"font-weight: 400\">Una che non aspetta il permesso di nessuno, n\u00e9 del marito, n\u00e9 della Chiesa. E al suo grido \u201c<strong>Viva il divorzio<\/strong>\u201d, aggiungiamo viva chi lo fa con stile.<\/p>\n<p><strong>Il matrimonio segreto di Mariotto (8)<\/strong><\/p>\n<p style=\"font-weight: 400\">Sul tema <a href=\"https:\/\/dilei.it\/star-e-vip\/guillermo-mariotto\/\" rel=\"nofollow noopener\" target=\"_blank\">Guillermo Mariotto<\/a> porta subito la sua visione del mondo: il <strong>tradimento \u00e8 nella natura umana<\/strong>, i drammi sono inutili, i divorzi lunghi e dolorosi ancora di pi\u00f9. Meglio accettare che le cose vadano cos\u00ec e non farne una tragedia. <strong>Caterina Balivo non \u00e8 d\u2019accordo<\/strong> e lo dice chiaramente: se il marito la tradisse<strong>, sarebbe storia chiusa<\/strong>. Un po\u2019 di tensione, come spesso accade quando Mariotto si siede su quel divano.<\/p>\n<p style=\"font-weight: 400\">Ma il colpo di scena arriva dopo. Mariotto, a quanto pare, <strong>si \u00e8 gi\u00e0 sposato<\/strong>. Anni fa, in America, con Lee: una ragazza di Philadelphia, bellissima, ex modella. Non era ancora maggiorenne al momento del matrimonio: la madre era protettiva, lei indisciplinata, e cos\u00ec in una serata, complice anche l\u2019alcol, <strong>hanno deciso di sposarsi.<\/strong><\/p>\n<p style=\"font-weight: 400\">\u201cDopo sei, otto mesi siamo partiti per l\u2019Italia, ma lei non si \u00e8 adattata\u201d. E nel frattempo, racconta lui con la consueta flemma, \u201c<strong>mi faceva le corna con mezzo mondo<\/strong>\u201c.<\/p>\n<p style=\"font-weight: 400\">L\u2019annullamento \u00e8 un finale annunciato. Una storia che vale da sola pi\u00f9 di qualsiasi teoria sul tradimento. E oggi? Caterina chiede se \u00e8 un signorino o se, invece, \u00e8 sposato. \u201c<strong>Mi taccio<\/strong>\u201c, risponde Mariotto sornione lasciando un dubbio inevitabile.<\/p>\n<p><strong>Simone di Pasquale e Maria di Stolfo, i dettagli delle nozze (8)<\/strong><\/p>\n<p style=\"font-weight: 400\">Fortuna che qualcuno, tra tante storie chiuse, porta in studio un amore che funziona. <a href=\"https:\/\/dilei.it\/star-e-vip\/simone-di-pasquale\/\" rel=\"nofollow noopener\" target=\"_blank\">Simone Di Pasquale<\/a> <strong>e Maria di Stolfo si sposano<\/strong> a giugno: una festa che doveva essere raccolta, in famiglia, e che hanno deciso di allargare un po\u2019. I preparativi? Tutti sotto controllo. Lui vuole <strong>gestire tutto in prima persona,<\/strong> e Maria, che pure non \u00e8 il tipo da stare a guardare, aveva provato a suggerire di affidarsi a qualcuno per il giorno del matrimonio.<\/p>\n<p style=\"font-weight: 400\"><strong>Proposta rispedita al mittente<\/strong>. Del resto, appena ricevuta la proposta, era gi\u00e0 lei ad aver preso in mano la situazione. Una coppia in cui tutti e due sembrano <strong>romanticamente performativi.<\/strong><\/p>\n<p><strong>Sal Da Vinci pronto per l\u2019Eurovision 2026 (7)<\/strong><\/p>\n<p style=\"font-weight: 400\">A pochi giorni dall\u2019inizio dell\u2019Eurovision Song Contest 2026, <a href=\"https:\/\/dilei.it\/star-e-vip\/sal-da-vinci\/\" rel=\"nofollow noopener\" target=\"_blank\">Sal Da Vinci<\/a> \u00e8 pronto a incantare tutti dal palco di Vienna. Vero \u00e8 che, in realt\u00e0, il pubblico internazionale <strong>sta gi\u00e0 tifando e amando<\/strong> il rappresentante dell\u2019italia e la sua Per sempre s\u00ec.<\/p>\n<p style=\"font-weight: 400\">Domenico Marocchi lo ha raggiunto per tastare il suo stato d\u2019animo. Un\u2019intervista che aggiunge poco a quanto gi\u00e0 si sa, ma in un vortice cos\u00ec denso di emozioni che lo accompagna da febbraio,<strong> un po\u2019 di disorientamento<\/strong> da parte di Sal Da Vinci \u00e8 pi\u00f9 che perdonabile. Meno perdonabile non aver capito il meccanismo del gioco sulla preferenza dei dolci. Ma in fondo a Vienna non lo aspettano per quello.<\/p>\n<p><strong>Jalisse, la naturalezza che ci piace (9)<\/strong><\/p>\n<p style=\"font-weight: 400\">Quanto sono umani i <a href=\"https:\/\/dilei.it\/vip\/jalisse-perche-sono-famosi-cosa-fanno-oggi\/1094761\/\" rel=\"nofollow noopener\" target=\"_blank\">Jalisse<\/a>? Trentaquattro anni di matrimonio senza vacillare, una carriera arrivata all\u2019apice e la serenit\u00e0 di chi ha imparato a godersi anche una dimensione pi\u00f9 modesta <strong>senza drammi e senza nostalgia<\/strong>. Sanremo \u00e8 ancora un punto dolente, ma <strong>loro ci ridono su da decenni<\/strong>, e a questo punto \u00e8 quasi un marchio di fabbrica. Il quarto posto all\u2019Eurovision invece \u00e8 un ricordo bello, raccontato con leggerezza e senza vantarsene mai troppo.<\/p>\n<p style=\"font-weight: 400\">Sono la<strong> normalit\u00e0 dello spettacolo<\/strong> nel senso pi\u00f9 bello del termine: niente pose, niente amarcord amari, niente rivalse da reclamare. E quando in studio si parla di responsabilit\u00e0 genitoriali, entrano nel discorso con la stessa semplicit\u00e0: alla figlia hanno sempre detto di lavorare e mettersi da parte qualche soldino. Niente jet privati, niente favole, solo tanto buon senso.<\/p>\n<p><strong>Gabriele Corsi, valigie pronte per Vienna (6)<\/strong><\/p>\n<p><a href=\"https:\/\/dilei.it\/star-e-vip\/gabriele-corsi\/\" rel=\"nofollow noopener\" target=\"_blank\">Gabriele Corsi<\/a> ha le valigie pronte per Vienna, dove seguir\u00e0 l\u2019Eurovision Song Contest. Tra i suoi imperdibili averi: gli appunti con i testi di tutte le canzoni, le schede dei Paesi e qualche<strong> abito improbabile<\/strong>. \u201cTutti gli anni mi vesto da un personaggio tipico. Quest\u2019anno <strong>vorrei vestirmi da Mozart<\/strong>, magari mi gioco la carriera\u201d, scherza lui. Caterina Balivo si diverte fin troppo quando cerca di fargli lanciare Sal Da Vinci con un cartellino su cui non c\u2019\u00e8 scritto il testo, ma solo \u201cimprovvisa\u201d. Momento simpatico, esito prevedibile.<\/p>\n<p>Meno convincente quando Caterina gli chiede di <strong>scegliere il co-conduttore preferito<\/strong> tra Mara Maionchi, BigMama, Malgioglio ed Elettra Lamborghini. Risposta: \u201cTutti\u201d.<strong> Diplomatico e indolore.<\/strong><\/p>\n<p>\t\t\t\tScopri i personaggi in trend, le storie del momento e molto altro.<br \/>Dove? Sul <a href=\"https:\/\/whatsapp.com\/channel\/0029Vb68mVyHVvTWezDm7d0R\" target=\"_blank\" rel=\"noopener nofollow\">canale WhatsApp di DiLei!<\/a><\/p>\n<p>\t\t\t<a class=\"buttonCall\" href=\"https:\/\/whatsapp.com\/channel\/0029Vb68mVyHVvTWezDm7d0R\" target=\"_blank\" rel=\"noopener nofollow\" title=\"Seguici su WhatsApp\"><br \/>\n\t\t\t\tSeguici su WhatsApp<br \/>\n\t\t\t<\/a><\/p>\n","protected":false},"excerpt":{"rendered":"A La Volta Buona si parla di matrimonio, divorzio e di tutto quello che sta nel mezzo, comprese&hellip;\n","protected":false},"author":3,"featured_media":480845,"comment_status":"","ping_status":"","sticky":false,"template":"","format":"standard","meta":{"footnotes":"","_share_on_mastodon":"0"},"categories":[174],"tags":[39049,3099,203,42601,204,1537,90,89,214,377,378],"class_list":["post-480844","post","type-post","status-publish","format-standard","has-post-thumbnail","category-intrattenimento","tag-caterina-balivo","tag-divorzio","tag-entertainment","tag-guillermo-mariotto","tag-intrattenimento","tag-it","tag-italia","tag-italy","tag-spettacolo","tag-tradimenti","tag-vita-di-coppia"],"share_on_mastodon":{"url":"https:\/\/pubeurope.com\/@it\/116540194575265270","error":""},"_links":{"self":[{"href":"https:\/\/www.europesays.com\/it\/wp-json\/wp\/v2\/posts\/480844","targetHints":{"allow":["GET"]}}],"collection":[{"href":"https:\/\/www.europesays.com\/it\/wp-json\/wp\/v2\/posts"}],"about":[{"href":"https:\/\/www.europesays.com\/it\/wp-json\/wp\/v2\/types\/post"}],"author":[{"embeddable":true,"href":"https:\/\/www.europesays.com\/it\/wp-json\/wp\/v2\/users\/3"}],"replies":[{"embeddable":true,"href":"https:\/\/www.europesays.com\/it\/wp-json\/wp\/v2\/comments?post=480844"}],"version-history":[{"count":0,"href":"https:\/\/www.europesays.com\/it\/wp-json\/wp\/v2\/posts\/480844\/revisions"}],"wp:featuredmedia":[{"embeddable":true,"href":"https:\/\/www.europesays.com\/it\/wp-json\/wp\/v2\/media\/480845"}],"wp:attachment":[{"href":"https:\/\/www.europesays.com\/it\/wp-json\/wp\/v2\/media?parent=480844"}],"wp:term":[{"taxonomy":"category","embeddable":true,"href":"https:\/\/www.europesays.com\/it\/wp-json\/wp\/v2\/categories?post=480844"},{"taxonomy":"post_tag","embeddable":true,"href":"https:\/\/www.europesays.com\/it\/wp-json\/wp\/v2\/tags?post=480844"}],"curies":[{"name":"wp","href":"https:\/\/api.w.org\/{rel}","templated":true}]}}