{"id":480909,"date":"2026-05-08T18:36:13","date_gmt":"2026-05-08T18:36:13","guid":{"rendered":"https:\/\/www.europesays.com\/it\/480909\/"},"modified":"2026-05-08T18:36:13","modified_gmt":"2026-05-08T18:36:13","slug":"ciao-maschio-massimo-ghini-se-mi-danno-il-david-lo-uso-per-fermare-la-porta","status":"publish","type":"post","link":"https:\/\/www.europesays.com\/it\/480909\/","title":{"rendered":"Ciao Maschio, Massimo Ghini: &#8220;Se mi danno il David lo uso per fermare la porta&#8221;"},"content":{"rendered":"<p><strong>Massimo Ghini<\/strong> si racconta a <strong>Ciao Maschio<\/strong>, ospite di<strong> Nunzia De Girolamo<\/strong>, in una conversazione schietta, ironica e senza troppi giri di parole.Nel corso dell\u2019intervista, l\u2019attore affronta uno dei temi pi\u00f9 curiosi della sua lunga carriera: il fatto di non aver mai vinto un<strong> David di Donatello<\/strong>. Alla domanda di Nunzia, Ghini risponde con il suo tono diretto e provocatorio, raccontando di essersi anche dimesso dalla giuria: &#8220;Mi sembrava che dovesse finire questa presa in giro&#8221;, spiega, riferendosi al fatto che, dopo quarant\u2019anni di carriera, non fosse mai arrivato per lui quel riconoscimento.Ghini precisa di non voler alimentare polemiche, ma non nasconde una certa amarezza: &#8220;Il David va avanti, non credo che cambi la vita a nessuno&#8221;.<\/p>\n<p>E poi aggiunge: &#8220;Ho preso premi in America, ho preso premi in Francia, ho preso premi in Spagna, dappertutto. I premi veri che ti cambiano la vita sono due: l\u2019Oscar e la Palma d\u2019Oro. Tutto il resto \u00e8 meraviglioso&#8221;.Nel dialogo con Nunzia De Girolamo emerge anche il lato pi\u00f9 umano e sincero dell\u2019attore, che ammette di aver \u201crosicato\u201d pi\u00f9 di una volta. &#8220;Non mi dipingo come San Francesco&#8221;, dice Ghini, raccontando di aver visto spesso film da lui interpretati o co-interpretati vincere premi importanti, mentre il riconoscimento andava ad altri.<\/p>\n<p>&#8220;Dopo la prima e la seconda, alla terza ho detto: scusate, tre sospetti fanno una prova&#8221;.Tra i film per cui, secondo lui, avrebbe meritato maggiore attenzione, Ghini cita Compagni di scuola. La chiusura \u00e8 destinata a far discutere: &#8220;Ormai dei David non ne posso parlare pi\u00f9 perch\u00e9 mi sono stufato. Una volta, se te lo davano, in qualche maniera ti poteva anche aiutare. Oggi, alla mia et\u00e0, con 120 film, sto ancora a correre dietro a questa cosa? Se me lo danno lo uso per fermare la porta&#8221;.<\/p>\n","protected":false},"excerpt":{"rendered":"Massimo Ghini si racconta a Ciao Maschio, ospite di Nunzia De Girolamo, in una conversazione schietta, ironica e&hellip;\n","protected":false},"author":3,"featured_media":480910,"comment_status":"","ping_status":"","sticky":false,"template":"","format":"standard","meta":{"footnotes":"","_share_on_mastodon":"0"},"categories":[174],"tags":[203,204,1537,90,89,13186,60127],"class_list":["post-480909","post","type-post","status-publish","format-standard","has-post-thumbnail","category-intrattenimento","tag-entertainment","tag-intrattenimento","tag-it","tag-italia","tag-italy","tag-massimo-ghini","tag-nunzia-de-girolamo"],"share_on_mastodon":{"url":"https:\/\/pubeurope.com\/@it\/116540407051967440","error":""},"_links":{"self":[{"href":"https:\/\/www.europesays.com\/it\/wp-json\/wp\/v2\/posts\/480909","targetHints":{"allow":["GET"]}}],"collection":[{"href":"https:\/\/www.europesays.com\/it\/wp-json\/wp\/v2\/posts"}],"about":[{"href":"https:\/\/www.europesays.com\/it\/wp-json\/wp\/v2\/types\/post"}],"author":[{"embeddable":true,"href":"https:\/\/www.europesays.com\/it\/wp-json\/wp\/v2\/users\/3"}],"replies":[{"embeddable":true,"href":"https:\/\/www.europesays.com\/it\/wp-json\/wp\/v2\/comments?post=480909"}],"version-history":[{"count":0,"href":"https:\/\/www.europesays.com\/it\/wp-json\/wp\/v2\/posts\/480909\/revisions"}],"wp:featuredmedia":[{"embeddable":true,"href":"https:\/\/www.europesays.com\/it\/wp-json\/wp\/v2\/media\/480910"}],"wp:attachment":[{"href":"https:\/\/www.europesays.com\/it\/wp-json\/wp\/v2\/media?parent=480909"}],"wp:term":[{"taxonomy":"category","embeddable":true,"href":"https:\/\/www.europesays.com\/it\/wp-json\/wp\/v2\/categories?post=480909"},{"taxonomy":"post_tag","embeddable":true,"href":"https:\/\/www.europesays.com\/it\/wp-json\/wp\/v2\/tags?post=480909"}],"curies":[{"name":"wp","href":"https:\/\/api.w.org\/{rel}","templated":true}]}}