{"id":481502,"date":"2026-05-09T03:30:15","date_gmt":"2026-05-09T03:30:15","guid":{"rendered":"https:\/\/www.europesays.com\/it\/481502\/"},"modified":"2026-05-09T03:30:15","modified_gmt":"2026-05-09T03:30:15","slug":"patti-smith-inaugura-il-padiglione-del-vaticano-alla-biennale-di-venezia-il-video","status":"publish","type":"post","link":"https:\/\/www.europesays.com\/it\/481502\/","title":{"rendered":"Patti Smith inaugura il padiglione del Vaticano alla Biennale di Venezia: il video"},"content":{"rendered":"<p>La voce della cantante chiude l&#8217;evento d&#8217;apertura al pubblico di \u00abL\u2019orecchio \u00e8 l\u2019occhio dell\u2019anima\u00bb<\/p>\n<p class=\"author-art is-xsmall has-text-mine-shaft2\">Vera Mantengoli \/ CorriereTv<\/p>\n<p>La voce senza tempo di<b> Patti Smith<\/b> ha chiuso come fosse una <b>preghiera l\u2019inaugurazione <\/b>del Padiglione Vaticano dove \u00e8 stata invitata come artista insieme a molti altri. Si sono cos\u00ec aperte le porte al pubblico per la visione di \u00abL\u2019orecchio \u00e8 l\u2019occhio dell\u2019anima\u00bb, ispirato alla celebre figura di <b>Ildegarda di Bingen<\/b>. Curato da Hans Ulrich Obrist e Ben Vickers, in collaborazione con Soundwalk Collective, quest\u2019anno la Santa Sede espone in due sedi: il <b>Giardino Mistico dei Carmelitani Scalzi<\/b>, vicino alla stazione Santa Lucia, e il <b>Complesso di Santa Maria Ausiliatrice<\/b> in Via Garibaldi a Castello. A presentare la figura della monaca, mistica, artista e guaritrice \u00e8 stato il cardinale Jos\u00e9 Tolentino de Mendon\u00e7a: \u00abIl nostro tempo ha bisogno di maestri e maestre come Ildegarda &#8211; ha detto &#8211; Figure come lei che uniscono gli uomini e la societ\u00e0 verso la spiritualit\u00e0\u00bb. Alla presentazione c\u2019era anche il presidente della Biennale <b>Pietrangelo Buttafuoco<\/b> che ha tenuto un discorso sulla parola proibita, \u00ab<b>la pace<\/b>\u00bb. Patti Smith ha voluto donare una canzone ai presenti che l\u2019hanno salutata con un lungo e affettuoso applauso.<\/p>\n<p>08 maggio 2026<\/p>\n<p>\u00a9 RIPRODUZIONE RISERVATA<\/p>\n","protected":false},"excerpt":{"rendered":"La voce della cantante chiude l&#8217;evento d&#8217;apertura al pubblico di \u00abL\u2019orecchio \u00e8 l\u2019occhio dell\u2019anima\u00bb Vera Mantengoli \/ CorriereTv&hellip;\n","protected":false},"author":3,"featured_media":481503,"comment_status":"","ping_status":"","sticky":false,"template":"","format":"standard","meta":{"footnotes":"","_share_on_mastodon":"0"},"categories":[1451],"tags":[24893,267998,267999,27972,1621,1620,203,204,1537,90,89,14058],"class_list":["post-481502","post","type-post","status-publish","format-standard","has-post-thumbnail","category-celebrita","tag-be","tag-be-wing","tag-be-wing-heaven","tag-blue","tag-celebrita","tag-celebrities","tag-entertainment","tag-intrattenimento","tag-it","tag-italia","tag-italy","tag-you"],"share_on_mastodon":{"url":"https:\/\/pubeurope.com\/@it\/116542506588071475","error":""},"_links":{"self":[{"href":"https:\/\/www.europesays.com\/it\/wp-json\/wp\/v2\/posts\/481502","targetHints":{"allow":["GET"]}}],"collection":[{"href":"https:\/\/www.europesays.com\/it\/wp-json\/wp\/v2\/posts"}],"about":[{"href":"https:\/\/www.europesays.com\/it\/wp-json\/wp\/v2\/types\/post"}],"author":[{"embeddable":true,"href":"https:\/\/www.europesays.com\/it\/wp-json\/wp\/v2\/users\/3"}],"replies":[{"embeddable":true,"href":"https:\/\/www.europesays.com\/it\/wp-json\/wp\/v2\/comments?post=481502"}],"version-history":[{"count":0,"href":"https:\/\/www.europesays.com\/it\/wp-json\/wp\/v2\/posts\/481502\/revisions"}],"wp:featuredmedia":[{"embeddable":true,"href":"https:\/\/www.europesays.com\/it\/wp-json\/wp\/v2\/media\/481503"}],"wp:attachment":[{"href":"https:\/\/www.europesays.com\/it\/wp-json\/wp\/v2\/media?parent=481502"}],"wp:term":[{"taxonomy":"category","embeddable":true,"href":"https:\/\/www.europesays.com\/it\/wp-json\/wp\/v2\/categories?post=481502"},{"taxonomy":"post_tag","embeddable":true,"href":"https:\/\/www.europesays.com\/it\/wp-json\/wp\/v2\/tags?post=481502"}],"curies":[{"name":"wp","href":"https:\/\/api.w.org\/{rel}","templated":true}]}}