{"id":482080,"date":"2026-05-09T13:24:13","date_gmt":"2026-05-09T13:24:13","guid":{"rendered":"https:\/\/www.europesays.com\/it\/482080\/"},"modified":"2026-05-09T13:24:13","modified_gmt":"2026-05-09T13:24:13","slug":"e-luomo-giusto-cosa-fara-con-vinicius-che-attacco-per-difendere-prestianni-mou-bis-al-real-in-9-domande-la-gazzetta-dello-sport","status":"publish","type":"post","link":"https:\/\/www.europesays.com\/it\/482080\/","title":{"rendered":"\u00c8 l&#039;uomo giusto? Cosa far\u00e0 con Vinicius, che attacc\u00f2 per difendere Prestianni? Mou-bis al Real in 9 domande &#8211; La Gazzetta dello Sport"},"content":{"rendered":"<ol>\n<li><a href=\"https:\/\/news.google.com\/rss\/articles\/CBMizAFBVV95cUxOUGVHN3hvZUgzcndjbWYtT29rS1BmenQwYTZCN2pUc2ZxODhNRlBJcml5SzdZclRSVHlDMzUzQzJBSkhlYk85aGlLeVFXRmdWcndwTC1wcjNYUmdMQ08tbEZUQ3ZsWks5NXEwTnk5YzV6N2lrd3Nac2hTamZ4bUFzVEo5Wk0xWGpHLXpGVkF6UG05MHE5bzVHLXl2WkxRLTdocmlWZEU5ZHBsUUdkeUtIVVN0a1hHUFcwYnZSUkJPall5Tm9kSk5OVlJnUk_SAcQBQVVfeXFMTWh3OTRPZnNjUWNKMmtnMmxvZWRFUERFRzFFbUV0SkJaVjc1WmE4RnVYbUlkYmhXVFF6UzkzTTgtdlc4dlNuY2QxNTFaNWpXODJOWldtSjc0VEgzeXhFQnBiSGNFcTZUU1dVY2NzZ3FaSEQzOEdXUjhkNjJONGxUWmVMc3ZtRkhwRlhxSE8zS3ZLLXV3ajhfTFd5ZW55YWNaNEN3eENVTkYwN2JUakE1WHFhRUliVGVSdkJaZWp2NHpQUzZPaA?oc=5\" target=\"_blank\" rel=\"nofollow noopener\">\u00c8 l&#8217;uomo giusto? Cosa far\u00e0 con Vinicius, che attacc\u00f2 per difendere Prestianni? Mou-bis al Real in 9 domande<\/a>&nbsp;&nbsp;La Gazzetta dello Sport<\/li>\n<li><a href=\"https:\/\/news.google.com\/rss\/articles\/CBMiiwJBVV95cUxNb2FsV09NVW5UVEtWYlJWTHJXSnY4SnNzejdqcDB1WE5uYTlPa0d2Q2pDQWxncXEyaFoxMktZOTQ5QV9XLVZnazFybTRSeEZfOFZzcVJZbW9LSE1hc1JlMG5zS2xFUnFIQXdTSnF2VWlkRTBwNklFbE93TGViLTZacTdlN0FaS0pXV3ZHWXNRM2g2Q0FwYjdnTHo2cVVZZnVuSXc1QVAwT19ReGVVa181TmRnREJVVk9ldFA2OFNHYllwVTQzeE44b012cmFkVHNSWTRtNFhNWlRubXhIR0pQRjBQbmZtanZrYVBpczQ2TXFDQzYtemdoT0c0NGd0cGhScmk1c2MyTnJCdFU?oc=5\" target=\"_blank\" rel=\"nofollow noopener\">Caos Real Madrid: avviati i contatti con Mourinho. Il Chelsea piomba su Pavlovic, valutato 50 milioni<\/a>&nbsp;&nbsp;eurosport.it<\/li>\n<li><a href=\"https:\/\/news.google.com\/rss\/articles\/CBMi-gFBVV95cUxPMEpfUndqUWVfaWdFQ0RZeGc1UVBtczRkWHptZ2VpNlNLTC1OajhVN0Z0UENVQk9Ob29GYWtlTXYyenlkNF9ONW03cjhiV3Z1ajExTmFwMkpjNjFUY3YxQ0ROY0pBWlp0dVEwUmMwSGlXTUVCYmk4OUwxdE5OUUdpOWNRcWZPbHBEUHV4V1RmMFB4aGRTNm52T3hQTWhUTHhJX080LWZzUGQzZmZka3pJdHFHa1FLdndzZldGSkZBWVVGZXNEYnp0LVF5b0xISm14MndVMm1FQjVjajBfU1I0YVZxaExqUWlKQm00SGNjRlZFTW54eWZpNUJB0gH8AUFVX3lxTE5jRkRhR1F2OFVyR0RTWHJ6bTA2X0ZJWVVhTDcwcGFwRmJPejZlQkpsXzNjemVaeTduRFZSRjJfc0t6QjVYV1JJd0hUNmg2QW4zTVVWTVNQempEbVFNMXFlU0Q4U2c1dnhza1VPVGVkSG5xbzFwWFd2Y1NhcVFLcl9JYjBHbl8yRTVIWjlVMG1PWlJUalpPQWdSUmdFekVqTjBVcGhBeFhsQmJWLWVsbHBiVjdwUnB0aVlMWERVU1hYN0pmWWc3WnBLSTd6LVRkcjl2Qk4zUEt6UUtqZXNacHprLUlRYWVoRjRCUkFnZ3NWQ1NsazhEekpCcktBYQ?oc=5\" target=\"_blank\" rel=\"nofollow noopener\">&#8220;Mourinho-Real Madrid, accordo sempre pi\u00f9 vicino&#8221;: dal Portogallo l&#8217;accelerata per lo Special One<\/a>&nbsp;&nbsp;Tuttosport<\/li>\n<li><a href=\"https:\/\/news.google.com\/rss\/articles\/CBMiqwFBVV95cUxOR2lYSnBjVGI2RGtUa2dlck50Njk3OTJIV2U2a3FTRUFhTWwwNE12OC1ORDBVem1qOEJjdV9pdjRBckVuVnZRenctYk9MNFhqN0sxVUVRak9weEFPVWR2cE1wUlA1cWw2bkhDR2lLVGxFWUN3NFBsZVJDV1A4Vi0xMUpBdWI2Z1hBRmxndlFhYWFKM3g2R0U4Z1pEZS1nVVpIdFhsMFN5TnR2OHfSAbABQVVfeXFMTVRDSzEyUHpCbzVyNWpmVVRncE11ZWhoRG5odmM2SEhSSTNfbkdkQndHTFUxYWFtbFlvSlFHeXV1VnpsUDVPaTYtZm9tMC04YUZRUWVVY2pXR2pKZVktWW1CSW5LejFfbU0zampMaUQ5MmhYZTE1RFdTWTZBR3lTbTR4ZmdlQWpUQmJDVnlKa3lGLXpjeXcta1pDRmlCTEQydGdMQ2ZhWEVRdWxkaW5uNGc?oc=5\" target=\"_blank\" rel=\"nofollow noopener\">Il Real \u00e8 una polveriera? Arriva Mourinho: cosa chiede a Florentino per ripartire<\/a>&nbsp;&nbsp;La Gazzetta dello Sport<\/li>\n<li><a href=\"https:\/\/news.google.com\/rss\/articles\/CBMizwFBVV95cUxQVkZCY3U1NGdhY3VzTl93ZVZrRURKT09kdFk1bURZbjk2b1ZPcHhKX1NSS080WUV6UG04Zy00WXc2LU5wVllCMWpuc01jNlEzcWhnMHphdFNfU2k5NjRUM2RRNzdKZDJKR1NFS2Z5N0k1d1pDMjA1M1RoZVQ3OXgzX09HaHdxUWRWcFZvbnhhOEJFeUZpWXhJVjN2eHNlTXpoYjJpX05MUjlON3FoYXRlZjJvNkZORDM5V2xWZGktSUlhMEZXT29NRnlmMnFEUVE?oc=5\" target=\"_blank\" rel=\"nofollow noopener\">Mourinho-Real Madrid: lo Special One detta 10 condizioni a P\u00e9rez<\/a>&nbsp;&nbsp;Sportmediaset<\/li>\n<\/ol>\n","protected":false},"excerpt":{"rendered":"\u00c8 l&#8217;uomo giusto? Cosa far\u00e0 con Vinicius, che attacc\u00f2 per difendere Prestianni? Mou-bis al Real in 9 domande&nbsp;&nbsp;La&hellip;\n","protected":false},"author":3,"featured_media":482081,"comment_status":"","ping_status":"","sticky":false,"template":"","format":"standard","meta":{"footnotes":"","_share_on_mastodon":"0"},"categories":[1452],"tags":[74265,268404,268405,15910,268406,268407,8911,2537,28271,180006,3077,244939,4432,69517,69520,721,6880,1048,268400,1061,554,4022,50404,5410,5376,32281,4754,2730,3085,103920,9443,36836,125599,1740,3368,1889,564,3412,1251,268401,3453,1537,90,89,52402,69526,41604,1914,5382,56030,110205,6048,20981,3386,268402,268403,1915,11630,94156,5495,135,185662,11377,28270,50172,1360,2434,786,1739,26936,245,244,1857,71572,3375,1928,112836,18640,92090,2200,6205,4969,56026,125597],"class_list":["post-482080","post","type-post","status-publish","format-standard","has-post-thumbnail","category-calcio","tag-accusandolo","tag-accusandolo-razzismo","tag-accusandolo-razzismo-tecnico","tag-adatta","tag-adatta-mou","tag-adatta-mou-valverde","tag-alonso","tag-altra","tag-ancelotti","tag-arbeloa","tag-arrivato","tag-basco","tag-benfica","tag-bernabeu","tag-blanca","tag-calcio","tag-capire","tag-causa","tag-causa-vicini","tag-chiesto","tag-club","tag-conosce","tag-dando","tag-dicendo","tag-difficolta","tag-diviso","tag-domande","tag-el","tag-europa","tag-famosa","tag-figura","tag-florentino","tag-florentino-perez","tag-football","tag-francese","tag-giocare","tag-giocatore","tag-giocatori","tag-grandi","tag-grandi-difficolta","tag-guida","tag-it","tag-italia","tag-italy","tag-jose","tag-kroos","tag-lasciando","tag-li","tag-madrid","tag-mbappe","tag-mou","tag-mourinho","tag-perez","tag-perso","tag-perso-causa","tag-perso-causa-vicini","tag-persona","tag-peso","tag-pintus","tag-preparatore","tag-presidente","tag-prestianni","tag-real","tag-real-madrid","tag-sano","tag-scelta","tag-si","tag-situazione","tag-soccer","tag-spogliatoio","tag-sport","tag-sports","tag-squadra","tag-tchouameni","tag-tecnico","tag-testa","tag-valverde","tag-vicini","tag-vinicius","tag-vinto","tag-voglia","tag-vuole","tag-xabi","tag-xabi-alonso"],"share_on_mastodon":{"url":"","error":"Validation failed: Text character limit of 500 exceeded"},"_links":{"self":[{"href":"https:\/\/www.europesays.com\/it\/wp-json\/wp\/v2\/posts\/482080","targetHints":{"allow":["GET"]}}],"collection":[{"href":"https:\/\/www.europesays.com\/it\/wp-json\/wp\/v2\/posts"}],"about":[{"href":"https:\/\/www.europesays.com\/it\/wp-json\/wp\/v2\/types\/post"}],"author":[{"embeddable":true,"href":"https:\/\/www.europesays.com\/it\/wp-json\/wp\/v2\/users\/3"}],"replies":[{"embeddable":true,"href":"https:\/\/www.europesays.com\/it\/wp-json\/wp\/v2\/comments?post=482080"}],"version-history":[{"count":0,"href":"https:\/\/www.europesays.com\/it\/wp-json\/wp\/v2\/posts\/482080\/revisions"}],"wp:featuredmedia":[{"embeddable":true,"href":"https:\/\/www.europesays.com\/it\/wp-json\/wp\/v2\/media\/482081"}],"wp:attachment":[{"href":"https:\/\/www.europesays.com\/it\/wp-json\/wp\/v2\/media?parent=482080"}],"wp:term":[{"taxonomy":"category","embeddable":true,"href":"https:\/\/www.europesays.com\/it\/wp-json\/wp\/v2\/categories?post=482080"},{"taxonomy":"post_tag","embeddable":true,"href":"https:\/\/www.europesays.com\/it\/wp-json\/wp\/v2\/tags?post=482080"}],"curies":[{"name":"wp","href":"https:\/\/api.w.org\/{rel}","templated":true}]}}