{"id":483136,"date":"2026-05-10T05:11:14","date_gmt":"2026-05-10T05:11:14","guid":{"rendered":"https:\/\/www.europesays.com\/it\/483136\/"},"modified":"2026-05-10T05:11:14","modified_gmt":"2026-05-10T05:11:14","slug":"l-henrique-ora-voglio-secondo-trofeo-prossima-stagione-mi-aspetto","status":"publish","type":"post","link":"https:\/\/www.europesays.com\/it\/483136\/","title":{"rendered":"L. Henrique: &#8220;Ora voglio secondo trofeo! Prossima stagione? Mi aspetto&#8230;&#8221;"},"content":{"rendered":"<p>In zona mista ai microfoni di Sky Sport, Luis Henrique ha parlato cos\u00ec dopo la vittoria dell&#8217;Inter per 3-0 contro la Lazio<\/p>\n<p>In zona mista ai microfoni di Sky Sport, <strong>Luis Henrique<\/strong> ha parlato cos\u00ec dopo la vittoria dell&#8217;Inter per 3-0 contro la Lazio:<\/p>\n<p><strong>Scegli Fcinter1908 come tuo sito preferito su Google:\u00a0<a href=\"https:\/\/www.google.com\/preferences\/source?q=fcinter1908.it\" rel=\"nofollow noopener\" target=\"_blank\">clicca qui<\/a><\/strong><\/p>\n<p>\u201cSono felicissimo, il mio primo trofeo all\u2019Inter, abbiamo gi\u00e0 dimostrato che squadra siamo, siamo l\u2019Inter campione d\u2019Italia. Tra qualche giorno veniamo qui e cerchiamo di vincere il prossimo trofeo.<\/p>\n<p> Sottovalutare la Lazio dopo oggi? Sar\u00e0 una gara diversa, \u00e8 una finale, saranno pi\u00f9 concentrati loro e anche noi, sar\u00e0 diversa. Cos\u2019ho imparato qui al primo anno? Per me \u00e8 stata una stagione in cui ho imparato e visto il calcio italiano, la prossima stagione mi aspetto di fare meglio che in questa\u201d.<\/p>\n<p class=\"is-copyright\">\u00a9 RIPRODUZIONE RISERVATA<\/p>\n","protected":false},"excerpt":{"rendered":"In zona mista ai microfoni di Sky Sport, Luis Henrique ha parlato cos\u00ec dopo la vittoria dell&#8217;Inter per&hellip;\n","protected":false},"author":3,"featured_media":483137,"comment_status":"","ping_status":"","sticky":false,"template":"","format":"standard","meta":{"footnotes":"","_share_on_mastodon":"0"},"categories":[1452],"tags":[8788,721,2729,1740,12831,350,1537,90,89,5188,21518,21519,1739,245,244,577,21412],"class_list":["post-483136","post","type-post","status-publish","format-standard","has-post-thumbnail","category-calcio","tag-aspetto","tag-calcio","tag-diversa","tag-football","tag-henrique","tag-inter","tag-it","tag-italia","tag-italy","tag-lazio","tag-luis","tag-luis-henrique","tag-soccer","tag-sport","tag-sports","tag-stagione","tag-trofeo"],"share_on_mastodon":{"url":"https:\/\/pubeurope.com\/@it\/116548566099236248","error":""},"_links":{"self":[{"href":"https:\/\/www.europesays.com\/it\/wp-json\/wp\/v2\/posts\/483136","targetHints":{"allow":["GET"]}}],"collection":[{"href":"https:\/\/www.europesays.com\/it\/wp-json\/wp\/v2\/posts"}],"about":[{"href":"https:\/\/www.europesays.com\/it\/wp-json\/wp\/v2\/types\/post"}],"author":[{"embeddable":true,"href":"https:\/\/www.europesays.com\/it\/wp-json\/wp\/v2\/users\/3"}],"replies":[{"embeddable":true,"href":"https:\/\/www.europesays.com\/it\/wp-json\/wp\/v2\/comments?post=483136"}],"version-history":[{"count":0,"href":"https:\/\/www.europesays.com\/it\/wp-json\/wp\/v2\/posts\/483136\/revisions"}],"wp:featuredmedia":[{"embeddable":true,"href":"https:\/\/www.europesays.com\/it\/wp-json\/wp\/v2\/media\/483137"}],"wp:attachment":[{"href":"https:\/\/www.europesays.com\/it\/wp-json\/wp\/v2\/media?parent=483136"}],"wp:term":[{"taxonomy":"category","embeddable":true,"href":"https:\/\/www.europesays.com\/it\/wp-json\/wp\/v2\/categories?post=483136"},{"taxonomy":"post_tag","embeddable":true,"href":"https:\/\/www.europesays.com\/it\/wp-json\/wp\/v2\/tags?post=483136"}],"curies":[{"name":"wp","href":"https:\/\/api.w.org\/{rel}","templated":true}]}}