{"id":484036,"date":"2026-05-10T19:18:18","date_gmt":"2026-05-10T19:18:18","guid":{"rendered":"https:\/\/www.europesays.com\/it\/484036\/"},"modified":"2026-05-10T19:18:18","modified_gmt":"2026-05-10T19:18:18","slug":"anticipazioni-verissimo-del-10-maggio-ospiti-nek-con-la-figlia-romina-carrisi-e-paola-caruso","status":"publish","type":"post","link":"https:\/\/www.europesays.com\/it\/484036\/","title":{"rendered":"Anticipazioni Verissimo del 10 maggio, ospiti Nek con la figlia, Romina Carrisi e Paola Caruso"},"content":{"rendered":"<p>Torna domenica 10 maggio, nel giorno della <strong>Festa della Mamma<\/strong>, l\u2019appuntamento della domenica pomeriggio di Canale5 con<strong> Verissimo<\/strong>, il salotto guidato da <strong>Silvia Toffanin<\/strong>. Protagonisti della nuova puntata saranno molti volti noti del mondo della musica e dello spettacolo tra cui <strong>Nek, Clementino, Romina Carrisi e Paola Caruso<\/strong>, reduce dall\u2019esperienza all\u2019interno della casa del Grande Fratello Vip, tutti pronti a raccontarsi tra vita professionale e aneddoti personali. <strong>\u00a0 \u00a0\u00a0<\/strong>\n<\/p>\n<p>Verissimo, le anticipazioni del 10 maggio: arrivano Clementino, Nek e Romina Carrisi<\/p>\n<p>Ancora una domenica ricca di emozioni nel salotto di Verissimo con protagonisti assoluti i <strong>racconti intensi<\/strong> degli ospiti del giorno che, come di consueto, spazieranno tra aneddoti, ricordi e storie toccanti. Anche oggi 10 maggio <a href=\"https:\/\/dilei.it\/star-e-vip\/silvia-toffanin\/\" rel=\"nofollow noopener\" target=\"_blank\">Silvia Toffanin<\/a>, padrona di casa indiscussa del talk di Canale5, \u00e8 pronta ad accogliere <strong>i vip\u00a0del giorno<\/strong> che si racconteranno ai suoi microfoni.<\/p>\n<p>Tra i protagonisti della giornata c\u2019\u00e8 <a href=\"https:\/\/dilei.it\/star-e-vip\/clementino\/\" rel=\"nofollow noopener\" target=\"_blank\">Clementino<\/a>, l\u2019amatissimo coach di The Voice Italy che festeggia in studio un traguardo importante: <strong>vent\u2019anni di carriera<\/strong> vissuti tra successi, evoluzione artistica e una personalit\u00e0 capace di conquistare generazioni diverse. Per l\u2019occasione, il rapper napoletano presenter\u00e0 anche il suo nuovo singolo, Children, brano che segna un nuovo capitolo del suo <strong>percorso musicale e umano,<\/strong> tra energia, riflessioni e sonorit\u00e0 contemporanee.<\/p>\n<p>Ma ci sar\u00e0 spazio anche per un altro grande protagonista della musica italiana, ovvero <a href=\"https:\/\/dilei.it\/star-e-vip\/nek\/\" rel=\"nofollow noopener\" target=\"_blank\">Nek<\/a>, che arriver\u00e0 in studio a Verissimo insieme alla <a href=\"https:\/\/dilei.it\/vip\/nek-festeggia-figlia-beatrice-instagram-rara-foto-famiglia\/751947\/\" rel=\"nofollow noopener\" target=\"_blank\">figlia Beatrice<\/a> per condividere aneddoti inediti, momenti quotidiani e il<strong> legame speciale che li unisce<\/strong> lontano dai riflettori, portando cos\u00ec in tv uno spaccato della loro vita familiare.<\/p>\n<p>Per restare in tema di famiglia, nella puntata del 10 maggio sar\u00e0 ospite di Silvia Toffanin anche <a href=\"https:\/\/dilei.it\/star-e-vip\/romina-carrisi\/\" rel=\"nofollow noopener\" target=\"_blank\">Romina Carrisi<\/a>: la figlia di <strong>Al Bano e Romina Power<\/strong> dir\u00e0 la sua su una delle vicende che \u00e8 tornata a tenere banco in tv nelle ultime settimane, ovvero la questione della <strong>scomparsa di Ylenia Carrisi<\/strong> e le ultime dichiarazioni rilasciate sia <a href=\"https:\/\/dilei.it\/spettacolo\/romina-power-belve\/2293367\/\" rel=\"nofollow noopener\" target=\"_blank\">da Romina Power a Belve<\/a> che da <a href=\"https:\/\/dilei.it\/spettacolo\/al-bano-domenica-risposta-romina-power\/2312316\/\" rel=\"nofollow noopener\" target=\"_blank\">Al Bano a Domenica In.<\/a><\/p>\n<p>Romina racconter\u00e0 il suo punto di vista sul delicato momento che coinvolge i suoi genitori in un\u2019<a href=\"https:\/\/dilei.it\/vip\/scontro-albano-romina-power-figlia-romina-carrisi\/2328247\/\" rel=\"nofollow noopener\" target=\"_blank\">intervista intima e sincera<\/a>: la figlia della storica coppia della musica italiana parler\u00e0 delle sue sensazioni e del modo in cui sta vivendo questa <strong>esposizione pubblica<\/strong> cos\u00ec intensa.<\/p>\n<p>Gli altri ospiti da Verissimo, da Paola Caruso a \u00d6zge \u00d6zpirin\u00e7\u00e7i<\/p>\n<p>L\u2019atmosfera del salottino di Verissimo si accender\u00e0 anche grazie alla presenza di una delle protagoniste dell\u2019edizione 2026 del <a href=\"https:\/\/dilei.it\/spettacolo\/gf-vip-paola-caruso-rivela-mi-hanno-detto-di-creare-caos\/2293758\/\" rel=\"nofollow noopener\" target=\"_blank\">Grande Fratello Vip,<\/a> ovvero <a href=\"https:\/\/dilei.it\/star-e-vip\/paola-caruso\/\" rel=\"nofollow noopener\" target=\"_blank\">Paola Caruso<\/a>: dopo la recente esperienza televisiva la showgirl\u00a0si presenter\u00e0 in studio con il <strong>piccolo Michele<\/strong>, raccontando la sua vita da mamma tra fragilit\u00e0, forza e nuove consapevolezze.<\/p>\n<p>Infine, occhi puntati sulla star internazionale <strong>\u00d6zge \u00d6zpirin\u00e7\u00e7i<\/strong>, amatissima dal pubblico italiano per il ruolo di <strong>Bahar<\/strong> nella serie di successo La forza di una donna. L\u2019attrice turca sar\u00e0 ospite insieme al marito <strong>Burak Yamant\u00fcrk<\/strong> per un\u2019intervista romantica e complice che promette di conquistare i fan della coppia.<\/p>\n<p>Quando e dove vedere la puntata di Verissimo del 10 maggio<\/p>\n<p>I telespettatori potranno seguire la nuova puntata di Verissimo del <strong>10 maggio 2026<\/strong> in diretta su Canale5 a partire dalle 16.30 oppure in streaming su <strong>Mediaset Infinity<\/strong> dove, chi vorr\u00e0, potr\u00e0 anche recuperarla nei giorni successivi. Clip e highlights saranno naturalmente visibili anche sui <strong>canali social del programma<\/strong> dove si potr\u00e0 intervenire lasciando il proprio commento o interagendo con gli altri utenti.<\/p>\n<p>\t\t\t\tScopri i personaggi in trend, le storie del momento e molto altro.<br \/>Dove? Sul <a href=\"https:\/\/whatsapp.com\/channel\/0029Vb68mVyHVvTWezDm7d0R\" target=\"_blank\" rel=\"noopener nofollow\">canale WhatsApp di DiLei!<\/a><\/p>\n<p>\t\t\t<a class=\"buttonCall\" href=\"https:\/\/whatsapp.com\/channel\/0029Vb68mVyHVvTWezDm7d0R\" target=\"_blank\" rel=\"noopener nofollow\" title=\"Seguici su WhatsApp\"><br \/>\n\t\t\t\tSeguici su WhatsApp<br \/>\n\t\t\t<\/a><\/p>\n","protected":false},"excerpt":{"rendered":"Torna domenica 10 maggio, nel giorno della Festa della Mamma, l\u2019appuntamento della domenica pomeriggio di Canale5 con Verissimo,&hellip;\n","protected":false},"author":3,"featured_media":484037,"comment_status":"","ping_status":"","sticky":false,"template":"","format":"standard","meta":{"footnotes":"","_share_on_mastodon":"0"},"categories":[174],"tags":[203,6061,204,1537,90,89,15033,99442,217008,214,22839],"class_list":["post-484036","post","type-post","status-publish","format-standard","has-post-thumbnail","category-intrattenimento","tag-entertainment","tag-grande-fratello","tag-intrattenimento","tag-it","tag-italia","tag-italy","tag-nek","tag-paola-caruso","tag-romina-carrisi","tag-spettacolo","tag-verissimo"],"share_on_mastodon":{"url":"https:\/\/pubeurope.com\/@it\/116551896742594410","error":""},"_links":{"self":[{"href":"https:\/\/www.europesays.com\/it\/wp-json\/wp\/v2\/posts\/484036","targetHints":{"allow":["GET"]}}],"collection":[{"href":"https:\/\/www.europesays.com\/it\/wp-json\/wp\/v2\/posts"}],"about":[{"href":"https:\/\/www.europesays.com\/it\/wp-json\/wp\/v2\/types\/post"}],"author":[{"embeddable":true,"href":"https:\/\/www.europesays.com\/it\/wp-json\/wp\/v2\/users\/3"}],"replies":[{"embeddable":true,"href":"https:\/\/www.europesays.com\/it\/wp-json\/wp\/v2\/comments?post=484036"}],"version-history":[{"count":0,"href":"https:\/\/www.europesays.com\/it\/wp-json\/wp\/v2\/posts\/484036\/revisions"}],"wp:featuredmedia":[{"embeddable":true,"href":"https:\/\/www.europesays.com\/it\/wp-json\/wp\/v2\/media\/484037"}],"wp:attachment":[{"href":"https:\/\/www.europesays.com\/it\/wp-json\/wp\/v2\/media?parent=484036"}],"wp:term":[{"taxonomy":"category","embeddable":true,"href":"https:\/\/www.europesays.com\/it\/wp-json\/wp\/v2\/categories?post=484036"},{"taxonomy":"post_tag","embeddable":true,"href":"https:\/\/www.europesays.com\/it\/wp-json\/wp\/v2\/tags?post=484036"}],"curies":[{"name":"wp","href":"https:\/\/api.w.org\/{rel}","templated":true}]}}