{"id":484314,"date":"2026-05-10T23:39:10","date_gmt":"2026-05-10T23:39:10","guid":{"rendered":"https:\/\/www.europesays.com\/it\/484314\/"},"modified":"2026-05-10T23:39:10","modified_gmt":"2026-05-10T23:39:10","slug":"milan-in-crisi-le-cifre-ritmo-da-retrocessione","status":"publish","type":"post","link":"https:\/\/www.europesays.com\/it\/484314\/","title":{"rendered":"Milan in crisi, le cifre: ritmo da retrocessione"},"content":{"rendered":"<p>                                La squadra di Allegri \u00e8 scomparsa: soltanto Lecce, Pisa e Verona hanno fatto meno punti in questo periodo<\/p>\n<p class=\"paragraph\" spellcheck=\"true\">Il Milan che vuole arrivare quarto in realt\u00e0 \u00e8&#8230; quartultimo. Ricordate il derby di ritorno vinto, quando si parlava di lotta scudetto riaperta e Inter raggiungibile? Ecco, da allora Allegri ha fatto 7 punti in 8 giornate, media vicina alla retrocessione. In questo periodo &#8211; due mesi, approssimativamente &#8211; il Milan \u00e8 quartultimo. Solo Verona (2 punti), Pisa (3) e Lecce (5) hanno fatto peggio. I rossoneri sono appena pi\u00f9 su, assieme a Cagliari e Cremonese.\u00a0<\/p>\n<p>        inter e juve a 18\u2014 \u00a0<\/p>\n<p class=\"paragraph\" spellcheck=\"true\">E chi sarebbe primo in quella classifica&#8230; bimestrale? L&#8217;Inter ovviamente, assieme alla Juventus: 18 punti a testa. Il Milan \u00e8 11 caselle pi\u00f9 sotto. Terza la Roma con 16, poi Como, Lazio, Udinese e Torino con 14. La frenata dei rossoneri, anche per questo, \u00e8 impressionante: nel momento in cui avrebbero dovuto accelerare per chiudere il discorso Europa, hanno smesso di fare punti. L&#8217;impressione ora \u00e8 nettissima: il Milan oggi pu\u00f2 perdere con tutti.<\/p>\n","protected":false},"excerpt":{"rendered":"La squadra di Allegri \u00e8 scomparsa: soltanto Lecce, Pisa e Verona hanno fatto meno punti in questo periodo&hellip;\n","protected":false},"author":3,"featured_media":484315,"comment_status":"","ping_status":"","sticky":false,"template":"","format":"standard","meta":{"footnotes":"","_share_on_mastodon":"0"},"categories":[1452],"tags":[3076,17039,721,5187,1740,350,1537,90,89,6296,553,1667,3124,1292,269529,16983,3094,1739,245,244],"class_list":["post-484314","post","type-post","status-publish","format-standard","has-post-thumbnail","category-calcio","tag-allegri","tag-assieme","tag-calcio","tag-derby","tag-football","tag-inter","tag-it","tag-italia","tag-italy","tag-lecce","tag-milan","tag-periodo","tag-pisa","tag-punti","tag-quartultimo","tag-retrocessione","tag-rossoneri","tag-soccer","tag-sport","tag-sports"],"share_on_mastodon":{"url":"https:\/\/pubeurope.com\/@it\/116552923001400997","error":""},"_links":{"self":[{"href":"https:\/\/www.europesays.com\/it\/wp-json\/wp\/v2\/posts\/484314","targetHints":{"allow":["GET"]}}],"collection":[{"href":"https:\/\/www.europesays.com\/it\/wp-json\/wp\/v2\/posts"}],"about":[{"href":"https:\/\/www.europesays.com\/it\/wp-json\/wp\/v2\/types\/post"}],"author":[{"embeddable":true,"href":"https:\/\/www.europesays.com\/it\/wp-json\/wp\/v2\/users\/3"}],"replies":[{"embeddable":true,"href":"https:\/\/www.europesays.com\/it\/wp-json\/wp\/v2\/comments?post=484314"}],"version-history":[{"count":0,"href":"https:\/\/www.europesays.com\/it\/wp-json\/wp\/v2\/posts\/484314\/revisions"}],"wp:featuredmedia":[{"embeddable":true,"href":"https:\/\/www.europesays.com\/it\/wp-json\/wp\/v2\/media\/484315"}],"wp:attachment":[{"href":"https:\/\/www.europesays.com\/it\/wp-json\/wp\/v2\/media?parent=484314"}],"wp:term":[{"taxonomy":"category","embeddable":true,"href":"https:\/\/www.europesays.com\/it\/wp-json\/wp\/v2\/categories?post=484314"},{"taxonomy":"post_tag","embeddable":true,"href":"https:\/\/www.europesays.com\/it\/wp-json\/wp\/v2\/tags?post=484314"}],"curies":[{"name":"wp","href":"https:\/\/api.w.org\/{rel}","templated":true}]}}