{"id":484563,"date":"2026-05-11T04:36:13","date_gmt":"2026-05-11T04:36:13","guid":{"rendered":"https:\/\/www.europesays.com\/it\/484563\/"},"modified":"2026-05-11T04:36:13","modified_gmt":"2026-05-11T04:36:13","slug":"inter-a-4-marchegiani-perche-mai-bergomi-contrario-e-di-canio","status":"publish","type":"post","link":"https:\/\/www.europesays.com\/it\/484563\/","title":{"rendered":"Inter a 4, Marchegiani: &#8220;Perch\u00e9 mai?&#8221; Bergomi contrario. E Di Canio&#8230;"},"content":{"rendered":"<p>A Sky Sport Fabio Caressa ha ipotizzato una nuova Inter con una difesa a 4 e un trequartista o un attacco a tre: parte la discussione<\/p>\n<p><strong>Scegli FcInter1908 come tuo sito preferito su Google:\u00a0<a href=\"https:\/\/www.google.com\/preferences\/source?q=fcinter1908.it\" rel=\"nofollow noopener\" target=\"_blank\">clicca qui!<\/a><\/strong><\/p>\n<p>A Sky Sport Fabio Caressa ha ipotizzato una nuova Inter con una difesa a 4 e un trequartista o un attacco a tre. Durante il Club, \u00e8 partita proprio la discussione in merito alla rivoluzione tattica ipotizzata da Caressa.<\/p>\n<p>Beppe Bergomi la pensa cos\u00ec: &#8220;Rivoluzione difficile, per fare una rivoluzione l&#8217;aspetto economico diventa importante&#8221;. Interviene\u00a0De Grandis con una battuta: &#8220;Garibaldi \u00e8 conservativo rispetto a questa squadra&#8221;.\u00a0Marchegiani non \u00e8 d&#8217;accordo: &#8220;La mia domanda \u00e8: perch\u00e9?&#8221;.\u00a0\u00a0Caressa spiega: &#8220;Abbiamo detto che in Europa una squadra che gioca a 4 dietro e con 3 attaccanti si pu\u00f2 avvicinare agli standard europei&#8221;<\/p>\n<p>Bergomi non crede alla rivoluzione: &#8220;Secondo me giocher\u00e0 ancora a tre dietro, Dumfries e Dimarco. Se hanno la forza economica di prendere un Palestra al posto di Dumfries&#8221;.\u00a0Di Canio interviene: &#8220;Con un difensore, un altro centrocampista e con una punta, questa squadra vince per altri 3 anni. E con questo sistema \u00e8 arrivato due volte in finale di Champions&#8221;. Anche De Grandis non approva il 4-3-3: &#8220;Non tutti possono giocare 4-3-3&#8221;. E Bergomi chiosa cos\u00ec: &#8220;Come fai a fare la rivoluzione&#8221;<\/p>\n<p class=\"is-copyright\">\u00a9 RIPRODUZIONE RISERVATA<\/p>\n","protected":false},"excerpt":{"rendered":"A Sky Sport Fabio Caressa ha ipotizzato una nuova Inter con una difesa a 4 e un trequartista&hellip;\n","protected":false},"author":3,"featured_media":484564,"comment_status":"","ping_status":"","sticky":false,"template":"","format":"standard","meta":{"footnotes":"","_share_on_mastodon":"0"},"categories":[1452],"tags":[765,7858,721,82511,30424,269615,269616,277,82684,767,269617,269618,43,1740,350,1537,90,89,2718,1739,245,244,1857],"class_list":["post-484563","post","type-post","status-publish","format-standard","has-post-thumbnail","category-calcio","tag-attacco","tag-bergomi","tag-calcio","tag-canio","tag-caressa","tag-caressa-ipotizzato","tag-caressa-ipotizzato-nuova","tag-de","tag-de-grandis","tag-difesa","tag-difesa-trequartista","tag-difesa-trequartista-attacco","tag-discussione","tag-football","tag-inter","tag-it","tag-italia","tag-italy","tag-rivoluzione","tag-soccer","tag-sport","tag-sports","tag-squadra"],"share_on_mastodon":{"url":"https:\/\/pubeurope.com\/@it\/116554090835645201","error":""},"_links":{"self":[{"href":"https:\/\/www.europesays.com\/it\/wp-json\/wp\/v2\/posts\/484563","targetHints":{"allow":["GET"]}}],"collection":[{"href":"https:\/\/www.europesays.com\/it\/wp-json\/wp\/v2\/posts"}],"about":[{"href":"https:\/\/www.europesays.com\/it\/wp-json\/wp\/v2\/types\/post"}],"author":[{"embeddable":true,"href":"https:\/\/www.europesays.com\/it\/wp-json\/wp\/v2\/users\/3"}],"replies":[{"embeddable":true,"href":"https:\/\/www.europesays.com\/it\/wp-json\/wp\/v2\/comments?post=484563"}],"version-history":[{"count":0,"href":"https:\/\/www.europesays.com\/it\/wp-json\/wp\/v2\/posts\/484563\/revisions"}],"wp:featuredmedia":[{"embeddable":true,"href":"https:\/\/www.europesays.com\/it\/wp-json\/wp\/v2\/media\/484564"}],"wp:attachment":[{"href":"https:\/\/www.europesays.com\/it\/wp-json\/wp\/v2\/media?parent=484563"}],"wp:term":[{"taxonomy":"category","embeddable":true,"href":"https:\/\/www.europesays.com\/it\/wp-json\/wp\/v2\/categories?post=484563"},{"taxonomy":"post_tag","embeddable":true,"href":"https:\/\/www.europesays.com\/it\/wp-json\/wp\/v2\/tags?post=484563"}],"curies":[{"name":"wp","href":"https:\/\/api.w.org\/{rel}","templated":true}]}}