{"id":486025,"date":"2026-05-12T01:49:17","date_gmt":"2026-05-12T01:49:17","guid":{"rendered":"https:\/\/www.europesays.com\/it\/486025\/"},"modified":"2026-05-12T01:49:17","modified_gmt":"2026-05-12T01:49:17","slug":"giro-ditalia-a-formia-divieti-e-chiusure-stradali-tutte-le-informazioni","status":"publish","type":"post","link":"https:\/\/www.europesays.com\/it\/486025\/","title":{"rendered":"Giro d&#8217;Italia a Formia, divieti e chiusure stradali. Tutte le informazioni"},"content":{"rendered":"<p><a href=\"https:\/\/www.latinatoday.it\/zone\/sudpontino\/\" rel=\"nofollow noopener\" target=\"_blank\">Formia<\/a> si prepara ad accogliere uno degli appuntamenti sportivi pi\u00f9 attesi dell\u2019anno. Venerd\u00ec 15 maggio la citt\u00e0 ospiter\u00e0 infatti la partenza della <a href=\"https:\/\/www.latinatoday.it\/attualita\/giro-italia-2026-formia-sud-pontino-presentazione.html\" rel=\"nofollow noopener\" target=\"_blank\">settima tappa del Giro d\u2019Italia 2026,<\/a> la \u201cFormia\u2013Blockhaus\u201d, evento che porter\u00e0 nel centro cittadino migliaia di appassionati, addetti ai lavori e visitatori. Per garantire il regolare svolgimento della manifestazione e assicurare la sicurezza pubblica, il Comune ha predisposto un articolato piano straordinario che interesser\u00e0 viabilit\u00e0, trasporto pubblico, scuole e aree di sosta gi\u00e0 a partire da gioved\u00ec 14 maggio.<\/p>\n<p>Cuore dell\u2019evento sar\u00e0 l\u2019area di Largo Domenico Paone, dove verranno allestiti il Villaggio Commerciale, il Podio Firma e le principali strutture operative legate alla corsa rosa. Proprio per consentire le operazioni di allestimento e messa in sicurezza, scatteranno con largo anticipo importanti limitazioni alla circolazione e alla sosta.<\/p>\n<p>Chiusure e deviazioni del traffico\u00a0<\/p>\n<p>Dalle ore 7 di gioved\u00ec 14 maggio fino al termine della manifestazione sar\u00e0 vietata la sosta, con rimozione forzata, in tutta l\u2019area dei parcheggi di Largo Paone, compresi i settori A, B e C e gli spazi riservati a motocicli e ciclomotori. Previsto anche il divieto di circolazione, ad eccezione dei mezzi autorizzati dall\u2019organizzazione del Giro. Provvedimenti analoghi riguarderanno anche il parcheggio interrato di Largo Paone, Largo Tullia, Largo Purificato e il piazzale Amerigo Vespucci, area normalmente destinata al capolinea dei bus extraurbani.<\/p>\n<p>Per limitare i disagi legati all\u2019afflusso di pubblico e alle modifiche alla viabilit\u00e0, il sindaco Gianluca Taddeo ha firmato un\u2019ordinanza che dispone la chiusura straordinaria di tutte le scuole cittadine di ogni ordine e grado, comprese strutture private, paritarie e asili nido, per l\u2019intera giornata di venerd\u00ec 15 maggio.<\/p>\n<p>Le principali strade interessate dal percorso e dalle attivit\u00e0 organizzative saranno soggette a divieti di sosta e fermata gi\u00e0 dalla serata di gioved\u00ec. Tra queste Via Vitruvio, Via Paone, Via Colombo, Via Portuense, Viale Unit\u00e0 d\u2019Italia, Lungomare della Repubblica e diversi snodi strategici della citt\u00e0.<\/p>\n<p>Nella giornata di venerd\u00ec, dalle ore 6 fino al passaggio del veicolo di \u201cfine gara\u201d, scatter\u00e0 inoltre la sospensione totale della circolazione in numerose arterie del centro urbano, tra cui Via Emanuele Filiberto, Largo Domenico Paone e parte di Via Vitruvio.<\/p>\n<p>Saranno chiusi al traffico anche diversi svincoli e intersezioni, con transenne e deviazioni obbligatorie. Il Comune ha predisposto percorsi alternativi per i veicoli diretti verso il centro e verso i quartieri maggiormente interessati dalla manifestazione.<\/p>\n<p>L\u2019evento comporter\u00e0 significative modifiche anche al trasporto pubblico urbano ed extraurbano. Il capolinea dei bus extraurbani sar\u00e0 temporaneamente trasferito dal piazzale Amerigo Vespucci al piazzale del Mercato Nuovo, in via Olivastro Spaventola. Numerose fermate urbane ed extraurbane saranno sospese, cos\u00ec come alcuni capolinea cittadini. Prevista inoltre la sospensione del trasporto extraurbano nella fascia oraria compresa tra le 8 e le 14 di venerd\u00ec 15 maggio.<\/p>\n<p>Per agevolare gli spostamenti, il Comune attiver\u00e0 un servizio speciale di bus navetta tra il piazzale del Mercato Nuovo e Piazza Risorgimento, operativo dalle 7 alle 15 con partenze ogni 15-20 minuti. Rester\u00e0 attiva soltanto la linea urbana \u201cA\u201d sulla tratta che collega il Mercato Nuovo a Maranola, Trivio e Castellonorato, con orari straordinari.<\/p>\n<p>Le dichiarazioni del sindaco<\/p>\n<p>Il sindaco Gianluca Taddeo ha dichiarato: \u00abIl ritorno del Giro d\u2019Italia a Formia rappresenta un momento storico per la nostra citt\u00e0 e un\u2019occasione straordinaria di promozione territoriale, partecipazione e orgoglio collettivo. Un evento di tale portata richiede inevitabilmente una macchina organizzativa complessa e la massima collaborazione da parte di tutti. Invito pertanto la cittadinanza, i visitatori e le attivit\u00e0 commerciali a prestare attenzione ai provvedimenti adottati e alle modifiche alla viabilit\u00e0, utilizzando quando possibile i servizi navetta predisposti dal Comune. L\u2019Amministrazione continuer\u00e0 a fornire aggiornamenti costanti attraverso i canali istituzionali affinch\u00e9 la giornata del 15 maggio possa svolgersi nel migliore dei modi, consentendo a Formia di vivere da protagonista un evento che rester\u00e0 nella storia della citt\u00e0\u00bb.<\/p>\n<p>  &#13;<br \/>\n&#13;<br \/>\n  &lt;!?php if ( SF_DOMAIN == &#8216;citynews-bruxellestoday&#8217; || SF_DOMAIN == &#8216;citynews-cagliaritoday&#8217; || SF_DOMAIN == &#8216;citynews-sassaritoday&#8217; || SF_DOMAIN == &#8216;citynews-tarantotoday&#8217; || SF_DOMAIN == &#8216;citynews-viterbotoday&#8217; || SF_DOMAIN == &#8216;citynews-ferraratoday&#8217; ): ?&gt;&#13;<br \/>\n    &#13;<br \/>\n  &lt;!?php endif; ?&gt;&#13;<br \/>\n  &#13;<br \/>\n&#13;<br \/>\n        &#13;<br \/>\n        &#13;<\/p>\n","protected":false},"excerpt":{"rendered":"Formia si prepara ad accogliere uno degli appuntamenti sportivi pi\u00f9 attesi dell\u2019anno. Venerd\u00ec 15 maggio la citt\u00e0 ospiter\u00e0&hellip;\n","protected":false},"author":3,"featured_media":486026,"comment_status":"","ping_status":"","sticky":false,"template":"","format":"standard","meta":{"footnotes":"","_share_on_mastodon":"0"},"categories":[1456],"tags":[130191,1824,1825,18191,4851,1537,90,89,245,244],"class_list":["post-486025","post","type-post","status-publish","format-standard","has-post-thumbnail","category-ciclismo","tag-chiusure-stradali","tag-ciclismo","tag-cycling","tag-divieti","tag-giro-ditalia","tag-it","tag-italia","tag-italy","tag-sport","tag-sports"],"share_on_mastodon":{"url":"https:\/\/pubeurope.com\/@it\/116559096417912493","error":""},"_links":{"self":[{"href":"https:\/\/www.europesays.com\/it\/wp-json\/wp\/v2\/posts\/486025","targetHints":{"allow":["GET"]}}],"collection":[{"href":"https:\/\/www.europesays.com\/it\/wp-json\/wp\/v2\/posts"}],"about":[{"href":"https:\/\/www.europesays.com\/it\/wp-json\/wp\/v2\/types\/post"}],"author":[{"embeddable":true,"href":"https:\/\/www.europesays.com\/it\/wp-json\/wp\/v2\/users\/3"}],"replies":[{"embeddable":true,"href":"https:\/\/www.europesays.com\/it\/wp-json\/wp\/v2\/comments?post=486025"}],"version-history":[{"count":0,"href":"https:\/\/www.europesays.com\/it\/wp-json\/wp\/v2\/posts\/486025\/revisions"}],"wp:featuredmedia":[{"embeddable":true,"href":"https:\/\/www.europesays.com\/it\/wp-json\/wp\/v2\/media\/486026"}],"wp:attachment":[{"href":"https:\/\/www.europesays.com\/it\/wp-json\/wp\/v2\/media?parent=486025"}],"wp:term":[{"taxonomy":"category","embeddable":true,"href":"https:\/\/www.europesays.com\/it\/wp-json\/wp\/v2\/categories?post=486025"},{"taxonomy":"post_tag","embeddable":true,"href":"https:\/\/www.europesays.com\/it\/wp-json\/wp\/v2\/tags?post=486025"}],"curies":[{"name":"wp","href":"https:\/\/api.w.org\/{rel}","templated":true}]}}