{"id":486508,"date":"2026-05-12T09:39:18","date_gmt":"2026-05-12T09:39:18","guid":{"rendered":"https:\/\/www.europesays.com\/it\/486508\/"},"modified":"2026-05-12T09:39:18","modified_gmt":"2026-05-12T09:39:18","slug":"nba-lebron-non-esclude-il-ritiro-non-so-cosa-mi-riserva-il-futuro-decidero-al-momento","status":"publish","type":"post","link":"https:\/\/www.europesays.com\/it\/486508\/","title":{"rendered":"NBA, LeBron non esclude il ritiro: &#8216;Non so cosa mi riserva il futuro, decider\u00f2 al momento&#8217;"},"content":{"rendered":"<p>Il clima, come \u00e8 facile intuire, \u00e8 di\u00a0<strong>grande amarezza in casa Lakers<\/strong>, perch\u00e9 dopo aver lottato fino agli ultimi possessi i gialloviola hanno appena perso anche\u00a0<strong>gara-4<\/strong>, subendo cos\u00ec un perentorio cappotto da parte dei\u00a0<strong>Thunder<\/strong>. E sempre senza\u00a0<strong>Luka Doncic<\/strong>, a tenere in piedi la squadra ci ha pensato ancora una volta\u00a0<strong>LeBron James<\/strong>, migliore dei suoi con la\u00a0<strong>doppia doppia da 24 punti e 12 rimbalzi<\/strong>. Nel finale di gara, per\u00f2, il super veterano ha sbagliato un appoggio a canestro che avrebbe potuto ridare la parit\u00e0 ai suoi, e in conferenza stampa\u00a0<strong>non nasconde<\/strong>\u00a0<strong>la delusione e sembra voler tracciare un bilancio complessivo dell\u2019avventura ai Lakers<\/strong>. \u201c<strong>Ovviamente il titolo vinto nel 2020 era il motivo per cui sono venuto qui, per riportare la squadra alla vittoria<\/strong>\u201d risponde James a proposito dei risultati ottenuti a Los Angeles, mentre rispetto alla stagione appena chiusa ammette: \u201c<strong>\u00c8 stata un\u2019esperienza nuova per me, non mi era mai capitato di essere la terza opzione in attacco della squadra<\/strong>\u201d.<\/p>\n<p>\t\t \tIl futuro di LeBron e il ritiro sullo sfondo<\/p>\n<p><strong>James<\/strong>\u00a0passa poi a rispondere alle domande sul suo futuro, con\u00a0<strong>il possibile ritiro sullo sfondo e il contratto con i Lakers in scadenza a giugno<\/strong>. \u201c<strong>Non so cosa mi riserver\u00e0 il futuro, voi continuate a chiedermi del ritiro e io rispondo che ci penser\u00e0 quando arriver\u00e0 il momento<\/strong>\u201d.\u00a0<strong>LeBron\u00a0<\/strong>conferma quindi di amare ancora il gioco in tutti i suoi aspetti, ma di \u201c<strong>non avere pi\u00f9 nulla da dimostrare in questa lega, ho fatto e visto di tutto<\/strong>\u201d, per poi aggiungere che\u00a0<strong>parler\u00e0 delle prossime mosse insieme ai suoi famigliari<\/strong>. La porta verso un possibile ritiro, quindi, sembra rimanere aperta, anche se\u00a0<strong>la sensazione \u00e8 che James possa giocare per almeno un\u2019altra stagione<\/strong>, ma\u00a0<strong>non \u00e8 affatto certo<\/strong>\u00a0che<strong>\u00a0lo far\u00e0 con la maglia dei Lakers<\/strong>.\u00a0<\/p>\n<p>\t\t\t<a class=\"c-inline-card j-inline-card c-inline-card--with-image\" href=\"https:\/\/sport.sky.it\/nba\/2025\/10\/09\/nba-2025-2026-partite-tv-streaming-sky-now\" rel=\"follow nofollow noopener\" data-intcmp=\"skysport_articolo_approfondimenti_inline\" target=\"_blank\"><\/p>\n<p>\t\t\t         <img decoding=\"async\" crossorigin=\"anonymous\" alt=\"\" src=\"https:\/\/www.europesays.com\/it\/wp-content\/uploads\/2026\/05\/Palyoffs-2026.jpg\"  loading=\"lazy\"  bad-src=\"https:\/\/www.europesays.com\/it\/wp-content\/uploads\/2026\/05\/Palyoffs-2026.jpg\"\/><\/p>\n<p>\n\t\t\t         Approfondimento<br \/>\n\t\t\t         Playoff NBA 2026: tutte le gare LIVE su Sky\n\t\t\t      <\/p>\n<p>\t\t\t<\/a><\/p>\n","protected":false},"excerpt":{"rendered":"Il clima, come \u00e8 facile intuire, \u00e8 di\u00a0grande amarezza in casa Lakers, perch\u00e9 dopo aver lottato fino agli&hellip;\n","protected":false},"author":3,"featured_media":486509,"comment_status":"","ping_status":"","sticky":false,"template":"","format":"standard","meta":{"footnotes":"","_share_on_mastodon":"0"},"categories":[176],"tags":[1537,90,89,23521,108835,18571,4979,1738,245,244],"class_list":["post-486508","post","type-post","status-publish","format-standard","has-post-thumbnail","category-sport","tag-it","tag-italia","tag-italy","tag-lebron-james","tag-los-angeles-lakers","tag-nba","tag-parole","tag-ritiro","tag-sport","tag-sports"],"share_on_mastodon":{"url":"https:\/\/pubeurope.com\/@it\/116560945201091817","error":""},"_links":{"self":[{"href":"https:\/\/www.europesays.com\/it\/wp-json\/wp\/v2\/posts\/486508","targetHints":{"allow":["GET"]}}],"collection":[{"href":"https:\/\/www.europesays.com\/it\/wp-json\/wp\/v2\/posts"}],"about":[{"href":"https:\/\/www.europesays.com\/it\/wp-json\/wp\/v2\/types\/post"}],"author":[{"embeddable":true,"href":"https:\/\/www.europesays.com\/it\/wp-json\/wp\/v2\/users\/3"}],"replies":[{"embeddable":true,"href":"https:\/\/www.europesays.com\/it\/wp-json\/wp\/v2\/comments?post=486508"}],"version-history":[{"count":0,"href":"https:\/\/www.europesays.com\/it\/wp-json\/wp\/v2\/posts\/486508\/revisions"}],"wp:featuredmedia":[{"embeddable":true,"href":"https:\/\/www.europesays.com\/it\/wp-json\/wp\/v2\/media\/486509"}],"wp:attachment":[{"href":"https:\/\/www.europesays.com\/it\/wp-json\/wp\/v2\/media?parent=486508"}],"wp:term":[{"taxonomy":"category","embeddable":true,"href":"https:\/\/www.europesays.com\/it\/wp-json\/wp\/v2\/categories?post=486508"},{"taxonomy":"post_tag","embeddable":true,"href":"https:\/\/www.europesays.com\/it\/wp-json\/wp\/v2\/tags?post=486508"}],"curies":[{"name":"wp","href":"https:\/\/api.w.org\/{rel}","templated":true}]}}