{"id":486512,"date":"2026-05-12T09:41:15","date_gmt":"2026-05-12T09:41:15","guid":{"rendered":"https:\/\/www.europesays.com\/it\/486512\/"},"modified":"2026-05-12T09:41:15","modified_gmt":"2026-05-12T09:41:15","slug":"il-ruolo-di-francesca-fagnani","status":"publish","type":"post","link":"https:\/\/www.europesays.com\/it\/486512\/","title":{"rendered":"il ruolo di Francesca Fagnani"},"content":{"rendered":"<p><strong>Micaela Ramazzotti<\/strong> e <strong>Claudio Pallitto<\/strong> si sposano oggi, 12 maggio, in provincia di Perugia. Cerimonia civile, intima, pochi invitati e due giorni di festeggiamenti. A celebrare le nozze \u00e8 <strong>Francesca Fagnani<\/strong>, con cui l\u2019attrice ha stretto un legame: \u00e8 stata ospite a Belve nella puntata del 7 aprile, dove tra le altre cose la conduttrice le aveva chiesto conto del matrimonio annunciato e mai arrivato: \u201cLei annuncia sempre il matrimonio con Claudio ma non vi sposate mai?\u201d. La risposta della Ramazzotti era stata ironica: \u201cMa non si trovano le carte del divorzio! Saranno disperse nel mare di Livorno insieme a qualche testa di Modigliani\u2026\u201d. Evidentemente le carte si sono trovate, e oggi i due coronano una storia cominciata sul set.<\/p>\n<p>Micaela Ramazzotti e Claudio Pallitto si sposano: Francesca Fagnani officia le nozze<\/p>\n<p>Per <a href=\"https:\/\/dilei.it\/star-e-vip\/micaela-ramazzotti\/\" rel=\"nofollow noopener\" target=\"_blank\">Micaela Ramazzotti<\/a>, questo matrimonio segna un <strong>nuovo capitolo<\/strong>, arrivato dopo anni turbolenti. La <a href=\"https:\/\/dilei.it\/spettacolo\/micaela-ramazzotti-belve-contro-paolo-virzi\/2249718\/\" rel=\"nofollow noopener\" target=\"_blank\">separazione da Paolo Virz\u00ec<\/a>, con cui era stata insieme per oltre un decennio e da cui ha avuto due figli, aveva lasciato <strong>strascichi dolorosi<\/strong>, tra cui un episodio in un ristorante che aveva fatto molto discutere. Un periodo complicato, da cui la Ramazzotti \u00e8 uscita gradualmente.<\/p>\n<p>Per le <a href=\"https:\/\/dilei.it\/spettacolo\/micaela-ramazzotti-belve-contro-paolo-virzi\/2249718\/\" rel=\"nofollow noopener\" target=\"_blank\">nozze con Claudio Pallitto<\/a>, ha scelto una <strong>cerimonia raccolta<\/strong>; secondo quanto riportato da Il Messaggero, <a href=\"https:\/\/dilei.it\/star-e-vip\/francesca-fagnani\/\" rel=\"nofollow noopener\" target=\"_blank\">Francesca Fagnani<\/a>, la conduttrice di Belve, \u00e8 presente nel ruolo di officiante. Il momento tanto speciale \u00e8 stato presentato come una \u201ccerimonia intima, con <strong>pochi invitati<\/strong>, ma che preveder\u00e0 due giorni di festa\u201d.<\/p>\n<p>Micaela Ramazzotti e Claudio Pallitto, la storia d\u2019amore nata sul set di Felicit\u00e0<\/p>\n<p>Micaela Ramazzotti e Claudio Pallitto si sono conosciuti <strong>grazie al cinema<\/strong>. Pallitto, che nella vita fa il <strong>personal trainer<\/strong> (e che ricordiamo in Tamarreide), aveva inviato il video del provino per ottenere una piccola parte in Felicit\u00e0, il <strong>film<\/strong> che ha segnato <strong>l\u2019esordio alla regia<\/strong> della Ramazzotti. Ha ottenuto il ruolo, e da quell\u2019esperienza sul set \u00e8 nato qualcosa che andava ben oltre il lavoro.<\/p>\n<p>Pallitto \u00e8 il <strong>titolare di una palestra<\/strong> frequentata da diversi vip, e negli anni lo abbiamo visto talvolta in televisione, a partire dal docu-reality Tamarreide su Italia 1 nel 2011, passando per piccoli ruoli cinematografici tra cui, curiosamente, anche Tutti i santi giorni di Paolo Virz\u00ec.<\/p>\n<p>La <strong>frequentazione con la Ramazzotti<\/strong> \u00e8 diventata pubblica nel 2023, e da allora il rapporto si \u00e8 consolidato mese dopo mese. La Ramazzotti aveva gi\u00e0 parlato a Verissimo della volont\u00e0 di sposarsi, senza per\u00f2 dare tempistiche precise. \u201cLui mi d\u00e0 molta forza e spero di darne anche io a lui. Stiamo costruendo <strong>qualcosa di bello<\/strong> e spero <strong>duri per l\u2019eternit\u00e0<\/strong>. <strong>Ci sposiamo<\/strong>. Sar\u00e0 per pochissimi intimi\u201d. All\u2019inizio era preoccupata della nuova relazione: \u201cEro preoccupata. Poi ho fatto un grande respiro e ho preso coraggio. Nella vita ci vuole coraggio nelle cose in cui crediamo. I giudici pi\u00f9 temuti sono i miei figli e ho superato il loro giudizio\u201d.<\/p>\n<p>Oggi quel giorno \u00e8 arrivato, in una cornice da sogno, con la riservatezza che entrambi hanno scelto come cifra del loro rapporto. Dopo gli anni della tempesta, per Micaela Ramazzotti questo \u201cs\u00ec\u201d ha il sapore di una ripartenza vissuta con serenit\u00e0.<\/p>\n<p>\t\t\t\tScopri i personaggi in trend, le storie del momento e molto altro.<br \/>Dove? Sul <a href=\"https:\/\/whatsapp.com\/channel\/0029Vb68mVyHVvTWezDm7d0R\" target=\"_blank\" rel=\"noopener nofollow\">canale WhatsApp di DiLei!<\/a><\/p>\n<p>\t\t\t<a class=\"buttonCall\" href=\"https:\/\/whatsapp.com\/channel\/0029Vb68mVyHVvTWezDm7d0R\" target=\"_blank\" rel=\"noopener nofollow\" title=\"Seguici su WhatsApp\"><br \/>\n\t\t\t\tSeguici su WhatsApp<br \/>\n\t\t\t<\/a><\/p>\n","protected":false},"excerpt":{"rendered":"Micaela Ramazzotti e Claudio Pallitto si sposano oggi, 12 maggio, in provincia di Perugia. Cerimonia civile, intima, pochi&hellip;\n","protected":false},"author":3,"featured_media":486513,"comment_status":"","ping_status":"","sticky":false,"template":"","format":"standard","meta":{"footnotes":"","_share_on_mastodon":"0"},"categories":[174],"tags":[87,3099,203,1909,19487,204,1537,90,89,59476,86],"class_list":["post-486512","post","type-post","status-publish","format-standard","has-post-thumbnail","category-intrattenimento","tag-amore","tag-divorzio","tag-entertainment","tag-famiglia","tag-francesca-fagnani","tag-intrattenimento","tag-it","tag-italia","tag-italy","tag-micaela-ramazzotti","tag-vip"],"share_on_mastodon":{"url":"https:\/\/pubeurope.com\/@it\/116560952668331520","error":""},"_links":{"self":[{"href":"https:\/\/www.europesays.com\/it\/wp-json\/wp\/v2\/posts\/486512","targetHints":{"allow":["GET"]}}],"collection":[{"href":"https:\/\/www.europesays.com\/it\/wp-json\/wp\/v2\/posts"}],"about":[{"href":"https:\/\/www.europesays.com\/it\/wp-json\/wp\/v2\/types\/post"}],"author":[{"embeddable":true,"href":"https:\/\/www.europesays.com\/it\/wp-json\/wp\/v2\/users\/3"}],"replies":[{"embeddable":true,"href":"https:\/\/www.europesays.com\/it\/wp-json\/wp\/v2\/comments?post=486512"}],"version-history":[{"count":0,"href":"https:\/\/www.europesays.com\/it\/wp-json\/wp\/v2\/posts\/486512\/revisions"}],"wp:featuredmedia":[{"embeddable":true,"href":"https:\/\/www.europesays.com\/it\/wp-json\/wp\/v2\/media\/486513"}],"wp:attachment":[{"href":"https:\/\/www.europesays.com\/it\/wp-json\/wp\/v2\/media?parent=486512"}],"wp:term":[{"taxonomy":"category","embeddable":true,"href":"https:\/\/www.europesays.com\/it\/wp-json\/wp\/v2\/categories?post=486512"},{"taxonomy":"post_tag","embeddable":true,"href":"https:\/\/www.europesays.com\/it\/wp-json\/wp\/v2\/tags?post=486512"}],"curies":[{"name":"wp","href":"https:\/\/api.w.org\/{rel}","templated":true}]}}