{"id":486767,"date":"2026-05-12T13:13:20","date_gmt":"2026-05-12T13:13:20","guid":{"rendered":"https:\/\/www.europesays.com\/it\/486767\/"},"modified":"2026-05-12T13:13:20","modified_gmt":"2026-05-12T13:13:20","slug":"tommaso-ottomano-premiato-ai-videoclip-italia-awards-per-volevo-essere-un-duro-di-lucio-corsi","status":"publish","type":"post","link":"https:\/\/www.europesays.com\/it\/486767\/","title":{"rendered":"Tommaso Ottomano premiato ai Videoclip Italia Awards per Volevo essere un duro di Lucio Corsi"},"content":{"rendered":"<p>Il videoclip di Volevo essere un duro di Lucio Corsi, diretto da Tommaso Ottomano, vince il premio speciale assegnato da Billboard Italia ai Videoclip Italia Awards 2026. Un cortometraggio musicale tra glam rock, nostalgia anni Novanta e immaginario cinematografico che omaggia David Bowie, Ritorno al Futuro e i videoclip cult di Michael Jackson. La premiazione si terr\u00e0 il 29 maggio a Milano<\/p>\n<p>Il videoclip di Volevo essere un duro continua la sua corsa trasformandosi sempre pi\u00f9 in un piccolo caso culturale. Ai Videoclip Italia Awards 2026 il regista e autore Tommaso Ottomano ricever\u00e0 infatti il premio speciale assegnato dalla redazione di Billboard Italia al miglior videoclip italiano tra i dieci pi\u00f9 visualizzati su YouTube nel corso dell\u2019ultimo anno.<\/p>\n<p>La targa verr\u00e0 consegnata venerd\u00ec 29 maggio durante la serata conclusiva dei Videoclip Italia Awards, il principale evento italiano dedicato alla cultura del videoclip musicale. Una vittoria che consacra ulteriormente il sodalizio artistico tra Ottomano e <a data-intcmp=\"skytg24_foglia articolo_interlink_text\" href=\"https:\/\/tg24.sky.it\/argomenti\/lucio-corsi\" rel=\"nofollow noopener\" target=\"_blank\">Lucio Corsi<\/a>, collaboratori da circa quindici anni e ormai tra le coppie creative pi\u00f9 riconoscibili della scena musicale contemporanea.\u00a0<\/p>\n<p>\u00a0<\/p>\n<p>\t        <img decoding=\"async\" crossorigin=\"anonymous\" src=\"https:\/\/www.europesays.com\/it\/wp-content\/uploads\/2026\/05\/31._Lucio_Corsi__Volevo_essere_un_duro.png\" class=\"c-inline-image__img j-lazyload\" itemprop=\"contentUrl\" loading=\"lazy\" data-cmp-hook-image=\"image\" alt=\"\" title=\"fotogramma del videoclip di Volevo essere un duro diretto da Tommaso Ottmano\"\/><\/p>\n<p>\t       \tfotogramma del videoclip di Volevo essere un duro diretto da Tommaso Ottmano  <\/p>\n<p>\t\t\tMassimo Ceccherini, Pieraccioni e la memoria della commedia toscana<\/p>\n<p>Nel video compaiono anche Massimo Ceccherini e Leonardo Pieraccioni, figure che riportano direttamente all\u2019infanzia degli autori. I due interpretano rispettivamente il padre e un prete esorcista, inserendo nel videoclip una vena ironica e surreale che dialoga apertamente con la tradizione della commedia toscana degli anni Novanta.<\/p>\n<p>Le riprese si sono svolte tra Monza, Brianza e Casatenovo grazie alla produzione di Borotalco per Sugar Music. Un dettaglio geografico che contribuisce al fascino del progetto: provincia lombarda, camerette, chitarre elettriche e sogni giganteschi. Tutto il videoclip sembra raccontare proprio questo cortocircuito tra luoghi ordinari e immaginazione sfrenata.<\/p>\n<p>\t\t \tOttomano: \u201cFuggire dalle camerette attraverso la musica\u201d<\/p>\n<p>Nel commentare il premio, Tommaso Ottomano ha spiegato quanto il brano sia legato alla propria esperienza personale:<\/p>\n<p>\u201cIo e Lucio l&#8217;abbiamo scritta un pomeriggio di primavera e con il video volevo raccontare qualcosa che entrambi avevamo vissuto da ragazzini, ovvero la possibilit\u00e0 di fuggire dalle nostre camerette di provincia attraverso la musica\u201d.<\/p>\n<p>Una dichiarazione che forse contiene il vero cuore del videoclip. Non l\u2019estetica glam, non i riferimenti cinefili, non il virtuosismo tecnico. Ma quell\u2019idea adolescenziale e quasi disperata che una canzone possa salvarti la sera, mentre fuori sembra non succedere mai niente<\/p>\n<p>\t\t\t<a class=\"c-inline-card j-inline-card c-inline-card--with-image\" href=\"https:\/\/tg24.sky.it\/spettacolo\/musica\/2026\/04\/28\/videoclip-italia-awards-2026-finalisti\" rel=\"follow nofollow noopener\" data-intcmp=\"skytg24_articolo_approfondimenti_inline\" target=\"_blank\"><\/p>\n<p>\t\t\t         <img decoding=\"async\" crossorigin=\"anonymous\" alt=\"\" src=\"https:\/\/www.europesays.com\/it\/wp-content\/uploads\/2026\/05\/05._Blanco__Maledetta_Rabbia.png\"  loading=\"lazy\"  bad-src=\"https:\/\/www.europesays.com\/it\/wp-content\/uploads\/2026\/05\/05._Blanco__Maledetta_Rabbia.png\"\/><\/p>\n<p>\n\t\t\t         Approfondimento<br \/>\n\t\t\t         Videoclip Italia Awards 2026, finalisti: Blanco guida le nomination\n\t\t\t      <\/p>\n<p>\t\t\t<\/a><\/p>\n<p>\t\t\tLe altre nomination ai Videoclip Italia Awards 2026<\/p>\n<p>Il premio speciale potrebbe non essere l\u2019unico riconoscimento per Ottomano. Il regista \u00e8 infatti candidato anche nelle categorie Miglior videoclip indie, Miglior make-up &amp; hair e Regista dell\u2019anno, premio gi\u00e0 vinto in passato.<\/p>\n<p>L\u2019edizione 2026 dei Videoclip Italia Awards vedr\u00e0 inoltre Blanco guidare le nomination con cinque candidature per Maledetta rabbia, seguito da numerosi artisti della scena italiana contemporanea. La manifestazione si svolger\u00e0 dal 27 al 29 maggio negli spazi di BASE Milano, con masterclass, incontri industry e riflessioni dedicate anche al rapporto tra videoclip e intelligenza artificiale.<\/p>\n<p>\t            TAG:<\/p>\n","protected":false},"excerpt":{"rendered":"Il videoclip di Volevo essere un duro di Lucio Corsi, diretto da Tommaso Ottomano, vince il premio speciale&hellip;\n","protected":false},"author":3,"featured_media":486768,"comment_status":"","ping_status":"","sticky":false,"template":"","format":"standard","meta":{"footnotes":"","_share_on_mastodon":"0"},"categories":[1443],"tags":[203,204,1537,90,89,15869,1538,1539],"class_list":["post-486767","post","type-post","status-publish","format-standard","has-post-thumbnail","category-musica","tag-entertainment","tag-intrattenimento","tag-it","tag-italia","tag-italy","tag-lucio-corsi","tag-music","tag-musica"],"share_on_mastodon":{"url":"https:\/\/pubeurope.com\/@it\/116561786185010030","error":""},"_links":{"self":[{"href":"https:\/\/www.europesays.com\/it\/wp-json\/wp\/v2\/posts\/486767","targetHints":{"allow":["GET"]}}],"collection":[{"href":"https:\/\/www.europesays.com\/it\/wp-json\/wp\/v2\/posts"}],"about":[{"href":"https:\/\/www.europesays.com\/it\/wp-json\/wp\/v2\/types\/post"}],"author":[{"embeddable":true,"href":"https:\/\/www.europesays.com\/it\/wp-json\/wp\/v2\/users\/3"}],"replies":[{"embeddable":true,"href":"https:\/\/www.europesays.com\/it\/wp-json\/wp\/v2\/comments?post=486767"}],"version-history":[{"count":0,"href":"https:\/\/www.europesays.com\/it\/wp-json\/wp\/v2\/posts\/486767\/revisions"}],"wp:featuredmedia":[{"embeddable":true,"href":"https:\/\/www.europesays.com\/it\/wp-json\/wp\/v2\/media\/486768"}],"wp:attachment":[{"href":"https:\/\/www.europesays.com\/it\/wp-json\/wp\/v2\/media?parent=486767"}],"wp:term":[{"taxonomy":"category","embeddable":true,"href":"https:\/\/www.europesays.com\/it\/wp-json\/wp\/v2\/categories?post=486767"},{"taxonomy":"post_tag","embeddable":true,"href":"https:\/\/www.europesays.com\/it\/wp-json\/wp\/v2\/tags?post=486767"}],"curies":[{"name":"wp","href":"https:\/\/api.w.org\/{rel}","templated":true}]}}