{"id":488400,"date":"2026-05-13T12:56:14","date_gmt":"2026-05-13T12:56:14","guid":{"rendered":"https:\/\/www.europesays.com\/it\/488400\/"},"modified":"2026-05-13T12:56:14","modified_gmt":"2026-05-13T12:56:14","slug":"internazionali-roma-live-darderi-jodar-gazzetta-it","status":"publish","type":"post","link":"https:\/\/www.europesays.com\/it\/488400\/","title":{"rendered":"Internazionali Roma LIVE, Darderi-Jodar | Gazzetta.it"},"content":{"rendered":"<p>                che swiatek!\u00a0\u2014 \u00a0<\/p>\n<p class=\"paragraph\">Altro che crisi! Non erano altissime le aspettative per Iga Swiatek a questa edizione degli Internazionali d&#8217;Italia, nonostante abbia vinto tre volte in passato il torneo. Eredit\u00e0 di un ultimo periodo difficile, culminato nel ritiro per problemi fisici da Madrid. Lei fa per\u00f2 finta di non saperlo, e raggiunge la semifinale dominando completamente Jessica Pegula per 6-1 6-2. Un quarto di finale che avrebbe dovuto essere teoricamente equilibrato, tra quarta e quinta testa di serie, ma non \u00e8 minimamente cos\u00ec. La polacca, con condizioni pi\u00f9 pesanti a causa della pioggia e del freddo che la favoriscono, parte subito forte, molto aggressiva in risposta, e soprattutto sulla seconda di Pegula (solo 2 punti vinti senza la prima). Abbinando a ci\u00f2 una resa impressionante del proprio servizio, con pi\u00f9 dell&#8217;80% di punti vinti con la prima e neanche una palla break concessa. Swiatek trova dunque la prima semifinale a livello tour, United Cup esclusa, del suo 2026, tornando a battere Pegula per la prima volta dal 2023 e dopo due sconfitte. Affronter\u00e0, nella quarta semifinale in carriera a Roma (ha sempre vinto il torneo quando ha raggiunto questo punto) la vincente del match tra Rybakina e Svitolina, seconda e settima testa di serie, in programma stasera alle 19.<\/p>\n","protected":false},"excerpt":{"rendered":"che swiatek!\u00a0\u2014 \u00a0 Altro che crisi! Non erano altissime le aspettative per Iga Swiatek a questa edizione degli&hellip;\n","protected":false},"author":3,"featured_media":488401,"comment_status":"","ping_status":"","sticky":false,"template":"","format":"standard","meta":{"footnotes":"","_share_on_mastodon":"0"},"categories":[1457],"tags":[7918,1537,90,89,245,244,44294,1273],"class_list":["post-488400","post","type-post","status-publish","format-standard","has-post-thumbnail","category-tennis","tag-affrontera","tag-it","tag-italia","tag-italy","tag-sport","tag-sports","tag-swiatek","tag-tennis"],"share_on_mastodon":{"url":"https:\/\/pubeurope.com\/@it\/116567381691101343","error":""},"_links":{"self":[{"href":"https:\/\/www.europesays.com\/it\/wp-json\/wp\/v2\/posts\/488400","targetHints":{"allow":["GET"]}}],"collection":[{"href":"https:\/\/www.europesays.com\/it\/wp-json\/wp\/v2\/posts"}],"about":[{"href":"https:\/\/www.europesays.com\/it\/wp-json\/wp\/v2\/types\/post"}],"author":[{"embeddable":true,"href":"https:\/\/www.europesays.com\/it\/wp-json\/wp\/v2\/users\/3"}],"replies":[{"embeddable":true,"href":"https:\/\/www.europesays.com\/it\/wp-json\/wp\/v2\/comments?post=488400"}],"version-history":[{"count":0,"href":"https:\/\/www.europesays.com\/it\/wp-json\/wp\/v2\/posts\/488400\/revisions"}],"wp:featuredmedia":[{"embeddable":true,"href":"https:\/\/www.europesays.com\/it\/wp-json\/wp\/v2\/media\/488401"}],"wp:attachment":[{"href":"https:\/\/www.europesays.com\/it\/wp-json\/wp\/v2\/media?parent=488400"}],"wp:term":[{"taxonomy":"category","embeddable":true,"href":"https:\/\/www.europesays.com\/it\/wp-json\/wp\/v2\/categories?post=488400"},{"taxonomy":"post_tag","embeddable":true,"href":"https:\/\/www.europesays.com\/it\/wp-json\/wp\/v2\/tags?post=488400"}],"curies":[{"name":"wp","href":"https:\/\/api.w.org\/{rel}","templated":true}]}}