{"id":488875,"date":"2026-05-13T19:53:16","date_gmt":"2026-05-13T19:53:16","guid":{"rendered":"https:\/\/www.europesays.com\/it\/488875\/"},"modified":"2026-05-13T19:53:16","modified_gmt":"2026-05-13T19:53:16","slug":"quanto-guadagna-chi-vince-la-coppa-italia","status":"publish","type":"post","link":"https:\/\/www.europesays.com\/it\/488875\/","title":{"rendered":"Quanto guadagna chi vince la Coppa Italia"},"content":{"rendered":"<p>Lazio e Inter si gioca il trofeo all&#8217;Olimpico, in palio lo stesso premio della stagione scorsa\n<\/p>\n<p>L&#8217;ultimo atto della <b><strong>Coppa Italia 2025\/26<\/strong><\/b> si giocher\u00e0 a Roma, stadio Olimpico.<b><strong> Lazio e Inter una di fronte l&#8217;altra<\/strong><\/b>, come qualche giorno fa in campionato: da una parte c&#8217;\u00e8 la squadra di Maurizio Sarri, che chiuder\u00e0 il campionato a met\u00e0 classifica e da quando non ha pi\u00f9 obiettivi in Serie A ha iniziato a concentrarsi su questa sfida, dall&#8217;altra i nerazzurri di Cristian Chivu freschi della vittoria dello scudetto che cercano il double in uno stadio che l&#8217;allenatore romeno conosce bene per averci giocato con la maglia della Roma. Nella bacheca dei biancocelesti ci sono sette Coppe Italia, l&#8217;Inter \u00e8 a quota nove come la Roma, e dietro alla Juventus al primo posto con 15 trofei.<\/p>\n","protected":false},"excerpt":{"rendered":"Lazio e Inter si gioca il trofeo all&#8217;Olimpico, in palio lo stesso premio della stagione scorsa L&#8217;ultimo atto&hellip;\n","protected":false},"author":3,"featured_media":488876,"comment_status":"","ping_status":"","sticky":false,"template":"","format":"standard","meta":{"footnotes":"","_share_on_mastodon":"0"},"categories":[176],"tags":[5006,350,1537,90,89,5188,270900,245,244],"class_list":["post-488875","post","type-post","status-publish","format-standard","has-post-thumbnail","category-sport","tag-coppa-italia","tag-inter","tag-it","tag-italia","tag-italy","tag-lazio","tag-lazio-vs-inter","tag-sport","tag-sports"],"share_on_mastodon":{"url":"https:\/\/pubeurope.com\/@it\/116569021196477894","error":""},"_links":{"self":[{"href":"https:\/\/www.europesays.com\/it\/wp-json\/wp\/v2\/posts\/488875","targetHints":{"allow":["GET"]}}],"collection":[{"href":"https:\/\/www.europesays.com\/it\/wp-json\/wp\/v2\/posts"}],"about":[{"href":"https:\/\/www.europesays.com\/it\/wp-json\/wp\/v2\/types\/post"}],"author":[{"embeddable":true,"href":"https:\/\/www.europesays.com\/it\/wp-json\/wp\/v2\/users\/3"}],"replies":[{"embeddable":true,"href":"https:\/\/www.europesays.com\/it\/wp-json\/wp\/v2\/comments?post=488875"}],"version-history":[{"count":0,"href":"https:\/\/www.europesays.com\/it\/wp-json\/wp\/v2\/posts\/488875\/revisions"}],"wp:featuredmedia":[{"embeddable":true,"href":"https:\/\/www.europesays.com\/it\/wp-json\/wp\/v2\/media\/488876"}],"wp:attachment":[{"href":"https:\/\/www.europesays.com\/it\/wp-json\/wp\/v2\/media?parent=488875"}],"wp:term":[{"taxonomy":"category","embeddable":true,"href":"https:\/\/www.europesays.com\/it\/wp-json\/wp\/v2\/categories?post=488875"},{"taxonomy":"post_tag","embeddable":true,"href":"https:\/\/www.europesays.com\/it\/wp-json\/wp\/v2\/tags?post=488875"}],"curies":[{"name":"wp","href":"https:\/\/api.w.org\/{rel}","templated":true}]}}