{"id":489546,"date":"2026-05-14T06:13:13","date_gmt":"2026-05-14T06:13:13","guid":{"rendered":"https:\/\/www.europesays.com\/it\/489546\/"},"modified":"2026-05-14T06:13:13","modified_gmt":"2026-05-14T06:13:13","slug":"radio-solaire-livorno-e-africa-unite-grazie-a-due-registi-labronici-noi-e-il-nostro-docu-film-in-senegal","status":"publish","type":"post","link":"https:\/\/www.europesays.com\/it\/489546\/","title":{"rendered":"Radio Solaire Livorno e Africa unite grazie a due registi labronici \u00abNoi e il nostro docu-film in Senegal\u00bb"},"content":{"rendered":"<p>LIVORNO Due registi livornesi, Federico Bacci e Francesco Eppesteingher, in Africa, per presentare il loro documentario \u201cRadio Solaire \u2013 Radio Diffusion Rurale\u201d, vincitore del premio Hera \u201cNuovi talenti\u201d al prestigioso Biografilm Festival.<\/p>\n<p>Il film racconta la straordinaria storia di Giorgio Lolli, ex operaio e sindacalista bolognese, scomparso nel 2023, tecnico autodidatta delle radio libere, che in quarant\u2019anni passati in Africa, ha installato pi\u00f9 di 500 emittenti Fm dal Togo al Mali, dal Senegal al Burkina Faso, rivoluzionando la storia della radio comunitaria in Africa regalando voce, informazione e libert\u00e0 anche nelle comunit\u00e0 pi\u00f9 isolate del continente.<\/p>\n<p>Dopo essere uscito in sala in Italia, il film, grazie all\u2019invito dell\u2019Istituto italiano di Cultura a Dakar, \u00e8 sbarcato in Senegal ed \u00e8 stato proiettato nei giorni scorsi al Festival del Cinema di Saint Louis, a Gandiol e a Dakar, accompagnato dai suoi autori.<\/p>\n<p>\u00ab\u00c8 la prima volta che il film viene proiettato in questa parte del mondo, e siamo molto contenti ed emozionati, \u00e8 come la chiusura di un cerchio\u00bb, spiega Francesco Eppesteingher .<\/p>\n<p>Perch\u00e9 due livornesi abbiano girato un film in Africa su un mito di Bologna \u00e8 dovuto agli incroci della vita, ma \u201cLivorno\u201d torna sempre.<\/p>\n<p>\u00abGiorgio Lolli l\u2019ho incontrato molti anni fa a Bologna, grazie alla figlia &#8211; continua Eppesteingher &#8211; Ci siamo frequentati per molto tempo. Con lui abbiamo fatto anche una \u2018radio pirata per un giorno\u2019 in piazza Garibaldi a Livorno con un progetto di Carico Massimo che si chiamava \u2018On air\u2019. Giorgio \u00e8 scomparso nel 2023 ma con la moglie Marzia e gli amici, ci \u00e8 venuta voglia di fare questa nuova radio in Africa, dedicata ai migranti, che era una delle sue ultime volont\u00e0. Abbiamo portato il trasmettitore tra Senegal e Mali viaggiando con l\u2019assistente storico di Lolli, Abdrahmane Cissoko, impegnato a portare a compimento il sogno del suo maestro: fondare una nuova radio dedicata ai giovani migranti africani al confine tra Senegal, Mali e Mauritania\u00bb.<\/p>\n<p>I due registi hanno seguito il viaggio giorno dopo giorno e queste riprese sono diventate il nucleo principale del documentario. Ma il film si chiude a Livorno, con la creazione di \u201cRadio Solaire Livorno\u201d, una radio pirata dedicata a una comunit\u00e0 multietnica toscana. Un epilogo che suggella un ponte ideale tra Africa e Italia e che segna la continuit\u00e0 di un\u2019esperienza &#8211; comclusa &#8211; capace di attraversare i confini geografici e culturali grazie alla forza semplice e rivoluzionaria delle onde radio.<\/p>\n<p>Francesco Eppesteingher (fratello del disegnatore Tommaso) e Federico Bacci hanno abitato a Livorno fino all\u2019et\u00e0 di 20 anni poi, per motivi di studio e lavoro, si sono trasferiti a Bologna il primo e a Firenze il secondo, ma tornano in citt\u00e0 ad ogni occasione possibile. A Livorno, da maggio a settembre 2026, sempre con l\u2019associazione Carico Massimo, condurranno una serie d\u2019incontri culturali sulla radio. \u00abLivorno \u00e8 il posto giusto per una radio di comunit\u00e0 &#8211; va avanti Eppesteingher &#8211; perch\u00e9 \u00e8 un porto, un luogo dove le persone transitano, la radio diventa fondamentale per lo scambio, per le culture, per chi passa e chi si ferma\u00bb. I due registi hanno in uscita a giugno un podcast per RaiPlay Sound che racconter\u00e0 il loro viaggio in Africa in 6 puntate. \u00abSar\u00e0 una cosa che completer\u00e0 il documentario: ci teniamo molto perch\u00e9 \u00e8 un grande approfondimento di un tema che ci sta a cuore e speriamo stia a cuore a molti\u00bb.<\/p>\n<p>Prodotto da Materiali Sonori Cinema, con produzione esecutiva a cura di Kin\u00e9 Societ\u00e0 Cooperativa, il film \u00e8 stato realizzato grazie al sostegno della Regione Emilia-Romagna attraverso Emilia Romagna Film Commission e con il contributo del Pr fesr toscana 2021 \u2013 2027 messo a disposizione dalla Regione Toscana, ed \u00e8 stato dichiarato \u201cGreen Film\u201d. In sala \u00e8 distribuito da OpenDdb.l<\/p>\n<p>\u00a0<\/p>\n","protected":false},"excerpt":{"rendered":"LIVORNO Due registi livornesi, Federico Bacci e Francesco Eppesteingher, in Africa, per presentare il loro documentario \u201cRadio Solaire&hellip;\n","protected":false},"author":3,"featured_media":489547,"comment_status":"","ping_status":"","sticky":false,"template":"","format":"standard","meta":{"footnotes":"","_share_on_mastodon":"0"},"categories":[1442],"tags":[203,454,204,1537,90,89,1521],"class_list":["post-489546","post","type-post","status-publish","format-standard","has-post-thumbnail","category-film","tag-entertainment","tag-film","tag-intrattenimento","tag-it","tag-italia","tag-italy","tag-movies"],"share_on_mastodon":{"url":"https:\/\/pubeurope.com\/@it\/116571459295522881","error":""},"_links":{"self":[{"href":"https:\/\/www.europesays.com\/it\/wp-json\/wp\/v2\/posts\/489546","targetHints":{"allow":["GET"]}}],"collection":[{"href":"https:\/\/www.europesays.com\/it\/wp-json\/wp\/v2\/posts"}],"about":[{"href":"https:\/\/www.europesays.com\/it\/wp-json\/wp\/v2\/types\/post"}],"author":[{"embeddable":true,"href":"https:\/\/www.europesays.com\/it\/wp-json\/wp\/v2\/users\/3"}],"replies":[{"embeddable":true,"href":"https:\/\/www.europesays.com\/it\/wp-json\/wp\/v2\/comments?post=489546"}],"version-history":[{"count":0,"href":"https:\/\/www.europesays.com\/it\/wp-json\/wp\/v2\/posts\/489546\/revisions"}],"wp:featuredmedia":[{"embeddable":true,"href":"https:\/\/www.europesays.com\/it\/wp-json\/wp\/v2\/media\/489547"}],"wp:attachment":[{"href":"https:\/\/www.europesays.com\/it\/wp-json\/wp\/v2\/media?parent=489546"}],"wp:term":[{"taxonomy":"category","embeddable":true,"href":"https:\/\/www.europesays.com\/it\/wp-json\/wp\/v2\/categories?post=489546"},{"taxonomy":"post_tag","embeddable":true,"href":"https:\/\/www.europesays.com\/it\/wp-json\/wp\/v2\/tags?post=489546"}],"curies":[{"name":"wp","href":"https:\/\/api.w.org\/{rel}","templated":true}]}}