{"id":48961,"date":"2025-08-15T11:34:12","date_gmt":"2025-08-15T11:34:12","guid":{"rendered":"https:\/\/www.europesays.com\/it\/48961\/"},"modified":"2025-08-15T11:34:12","modified_gmt":"2025-08-15T11:34:12","slug":"ecco-il-trailer-italiano-del-film-con-samara-weaving-in-arrivo-su-disney","status":"publish","type":"post","link":"https:\/\/www.europesays.com\/it\/48961\/","title":{"rendered":"ecco il trailer italiano del film con Samara Weaving in arrivo su Disney+"},"content":{"rendered":"<p>Debutta il 22 agosto in streaming questo scatenato e irriverente thriller con protagonista l&#8217;attrice australiana di film come Finch\u00e9 morte non ci separi e Scream VI. Ecco il trailer italiano e la trama di Eenie Meanie.<\/p>\n<p>Appassionati di azione e tensione, tenetevi pronti per il <strong>22 agosto<\/strong>, perch\u00e9 \u00e8 in quella data che far\u00e0 il suo debutto<strong> in streaming su Disney+<\/strong> un thriller adrenalinico e irriverente che si intitola <strong>Eenie Meanie<\/strong>. Pi\u00f9 che alla celebre conta inglese (Eeny, meeny, miny, moe&#8230;), il titolo del film fa riferimento al soprannome della protagonista, che all&#8217;anagrafe da Edie, una giovane donna che da adolescente \u00e8 stata &#8211; un po&#8217; come il Baby di <a href=\"https:\/\/www.comingsoon.it\/film\/baby-driver-il-genio-della-fuga\/53582\/scheda\/\" target=\"_blank\" title=\"Baby Driver\" rel=\"nofollow noopener\"><strong>Baby Driver<\/strong><\/a>, di cui, pare, forse, vedremo presto un sequel &#8211; una velocissima autista al soldo di criminali e rapinatori e che viene trascinata di nuovo nel suo losco passato quando un suo vecchio datore di lavoro le offre la possibilit\u00e0 di salvare la vita del suo ex fidanzato cronicamente inaffidabile.<br \/>&#13;<br \/>\nInterprete di questo personaggio \u00e8 la bionda <a href=\"https:\/\/www.comingsoon.it\/personaggi\/samara-weaving\/252843\/biografia\/\" target=\"_blank\" title=\"Samara Weaving\" rel=\"nofollow noopener\"><strong>Samara Weaving<\/strong><\/a>, l&#8217;attrice australiana che abbiamo imparato a conoscere grazie horror come <strong>La babysitter<\/strong> e <strong>Finch\u00e9 morte non ci separi<\/strong> e che poi abbiamo visto nel cast di film come <strong>Babylon<\/strong> e <strong>Scream VI<\/strong>. Accanto alla <strong>Weaving<\/strong> nel film &#8211; scritto e diretto da <strong>Shawn Simmons<\/strong>, al suo debutto nella regia &#8211; ci sono anche Karl Glusman, Jermaine Fowler, Marshawn Lynch, Randall Park, Steve Zahn e Andy Garcia. A produrre, tanto per far capire un po&#8217; di che genere di film stiamo parlando, ci sono <strong>Rhett Reese &amp; Paul Wernick<\/strong>, la coppia creativa della serie di <strong>Deadpool<\/strong>. <br \/>&#13;<br \/>\nMa, per capire ancora meglio, ecco <strong>trailer italiano ufficiale (e poster) di Eenie Meanie<\/strong>. <\/p>\n<p>Eenie Meanie: il trailer italiano ufficiale e il poster del film<\/p>\n<p>&#13;<br \/>\n<img loading=\"lazy\" decoding=\"async\" alt=\"\" height=\"1000\" width=\"800\" class=\"lazyload\" src=\"https:\/\/www.europesays.com\/it\/wp-content\/uploads\/2025\/08\/EeanieMeanie_poster.jpg\"\/><\/p>\n","protected":false},"excerpt":{"rendered":"Debutta il 22 agosto in streaming questo scatenato e irriverente thriller con protagonista l&#8217;attrice australiana di film come&hellip;\n","protected":false},"author":3,"featured_media":48962,"comment_status":"","ping_status":"","sticky":false,"template":"","format":"standard","meta":{"footnotes":""},"categories":[1442],"tags":[203,454,204,1537,90,89,1521],"class_list":{"0":"post-48961","1":"post","2":"type-post","3":"status-publish","4":"format-standard","5":"has-post-thumbnail","7":"category-film","8":"tag-entertainment","9":"tag-film","10":"tag-intrattenimento","11":"tag-it","12":"tag-italia","13":"tag-italy","14":"tag-movies"},"share_on_mastodon":{"url":"","error":""},"_links":{"self":[{"href":"https:\/\/www.europesays.com\/it\/wp-json\/wp\/v2\/posts\/48961","targetHints":{"allow":["GET"]}}],"collection":[{"href":"https:\/\/www.europesays.com\/it\/wp-json\/wp\/v2\/posts"}],"about":[{"href":"https:\/\/www.europesays.com\/it\/wp-json\/wp\/v2\/types\/post"}],"author":[{"embeddable":true,"href":"https:\/\/www.europesays.com\/it\/wp-json\/wp\/v2\/users\/3"}],"replies":[{"embeddable":true,"href":"https:\/\/www.europesays.com\/it\/wp-json\/wp\/v2\/comments?post=48961"}],"version-history":[{"count":0,"href":"https:\/\/www.europesays.com\/it\/wp-json\/wp\/v2\/posts\/48961\/revisions"}],"wp:featuredmedia":[{"embeddable":true,"href":"https:\/\/www.europesays.com\/it\/wp-json\/wp\/v2\/media\/48962"}],"wp:attachment":[{"href":"https:\/\/www.europesays.com\/it\/wp-json\/wp\/v2\/media?parent=48961"}],"wp:term":[{"taxonomy":"category","embeddable":true,"href":"https:\/\/www.europesays.com\/it\/wp-json\/wp\/v2\/categories?post=48961"},{"taxonomy":"post_tag","embeddable":true,"href":"https:\/\/www.europesays.com\/it\/wp-json\/wp\/v2\/tags?post=48961"}],"curies":[{"name":"wp","href":"https:\/\/api.w.org\/{rel}","templated":true}]}}