{"id":490638,"date":"2026-05-14T20:45:12","date_gmt":"2026-05-14T20:45:12","guid":{"rendered":"https:\/\/www.europesays.com\/it\/490638\/"},"modified":"2026-05-14T20:45:12","modified_gmt":"2026-05-14T20:45:12","slug":"salis-lo-sa-la-sumud-diventa-guerrilla-pronti-alla-rivoluzione","status":"publish","type":"post","link":"https:\/\/www.europesays.com\/it\/490638\/","title":{"rendered":"Salis lo sa? La Sumud diventa Guerrilla: &#8220;Pronti alla rivoluzione&#8221;"},"content":{"rendered":"<p><strong>Silvia Salis<\/strong> \u00e8 da alcuni mesi sindaca di Genova. In una parte del Pd viene considerata una possibile alternativa \u201cmoderata\u201d alla segretaria Schlein e, da alcuni, perfino una futura candidata alla presidenza del Consiglio per il Campo Largo. Delle sue posizioni sui principali temi di politica nazionale si sa ancora poco \u2014 e tra quelle note apprezzo il sostegno all\u2019Ucraina.<\/p>\n<p>C\u2019\u00e8 per\u00f2 una questione sulla quale si \u00e8 esposta con grande chiarezza: <strong>il pieno sostegno alla Global Sumud Flotilla.<\/strong> Salis si \u00e8 presentata con la fascia tricolore alla partenza delle imbarcazioni da Genova, usando toni molto elogiativi verso gli organizzatori: li ha paragonati ai partigiani e definiti <strong>\u201ci veri patrioti\u201d.<\/strong> Non condivido quel giudizio, ma non \u00e8 questo il punto.<\/p>\n<p>Vorrei sapere come la sindaca giudichi oggi le dichiarazioni di <strong>Saif Abukeshek,<\/strong> uno dei leader dell\u2019organizzazione, detenuto in Israele per alcuni giorni dopo il blocco della sua imbarcazione, che ha spiegato al Fatto Quotidiano quale sia il progetto politico della GSF, destinata ora a trasformarsi in \u201cGlobal Sumud Movement\u201d. Ecco le sue parole: \u201cFin da quando abbiamo iniziato l\u2019anno scorso abbiamo detto che vogliamo porre le basi per un movimento internazionalista, un vero movimento rivoluzionario che combatte l\u2019oppressione, sfida le complicit\u00e0, mostra i governi di <strong>Usa e Israele<\/strong> per quello che sono: <strong>criminali<\/strong>\u201d.<\/p>\n<p>Nessun accenno alle responsabilit\u00e0 di <strong>Hamas o dell\u2019Iran,<\/strong> tantomeno di Putin, che pure, per un \u201cvero movimento rivoluzionario che combatte l\u2019oppressione\u201d, dovrebbero suscitare qualche attenzione. Ammetter\u00e0, sindaca Salis, che quando un\u2019organizzazione nata formalmente per \u201caiuti umanitari\u201d assume un linguaggio rivoluzionario e identitario, la sua natura cambia \u2014 oppure si rivela?<\/p>\n<p>Non pensa che queste parole avvicinino il movimento alla sinistra rivoluzionaria internazionale e antagonista italiana, alle reti \u201canti-imperialiste\u201d e <strong>anti-occidentali,<\/strong> ai segmenti pi\u00f9 radicali del movimento BDS (boicottaggio, disinvestimento e sanzioni), e pi\u00f9 in generale a una cultura politica movimentista pi\u00f9 che umanitaria?<\/p>\n<p>E non ritiene che dichiarazioni di questo tipo preludano alla nascita di una \u201cGlobal Sumud Guerrilla\u201d, pi\u00f9 che al proseguimento di una missione umanitaria? Vorrei conoscere il suo giudizio su quella che lei \u2014 a differenza di me \u2014 potrebbe ritenere una trasformazione dell\u2019 <strong>\u201canima solidale\u201d<\/strong> di cui parl\u00f2 nell\u2019agosto scorso.<\/p>\n<p>Marco Taradash, 14 maggio 2026<\/p>\n<p>Nicolaporro.it \u00e8 anche su Whatsapp. \u00c8 sufficiente\u00a0<a href=\"https:\/\/www.whatsapp.com\/channel\/0029VaKN8o99xVJeRksTAl0p\" target=\"_blank\" rel=\"noopener nofollow\">cliccare qui<\/a>\u00a0per iscriversi al canale ed essere sempre aggiornati (gratis).<\/p>\n<p>        Lo sapevi che&#8230;\n    <\/p>\n<p>Da oggi puoi aggiungere Nicolaporro.it alle tue fonti preferite su Google visitando <strong><a href=\"https:\/\/follow.nicolaporro.it\/preferiti\" target=\"_blank\" rel=\"noopener nofollow\">questa pagina<\/a>\u00a0<\/strong>e spuntando la checkbox a destra<\/p>\n","protected":false},"excerpt":{"rendered":"Silvia Salis \u00e8 da alcuni mesi sindaca di Genova. In una parte del Pd viene considerata una possibile&hellip;\n","protected":false},"author":3,"featured_media":490639,"comment_status":"","ping_status":"","sticky":false,"template":"","format":"standard","meta":{"footnotes":"","_share_on_mastodon":"0"},"categories":[160],"tags":[14,164,165,13989,166,7,15,40616,11,167,12,168,161,162,163],"class_list":["post-490638","post","type-post","status-publish","format-standard","has-post-thumbnail","category-mondo","tag-cronaca","tag-dal-mondo","tag-dalmondo","tag-flotilla","tag-mondo","tag-news","tag-notizie","tag-salis","tag-ultime-notizie","tag-ultime-notizie-di-mondo","tag-ultimenotizie","tag-ultimenotiziedimondo","tag-world","tag-world-news","tag-worldnews"],"share_on_mastodon":{"url":"https:\/\/pubeurope.com\/@it\/116574887969997980","error":""},"_links":{"self":[{"href":"https:\/\/www.europesays.com\/it\/wp-json\/wp\/v2\/posts\/490638","targetHints":{"allow":["GET"]}}],"collection":[{"href":"https:\/\/www.europesays.com\/it\/wp-json\/wp\/v2\/posts"}],"about":[{"href":"https:\/\/www.europesays.com\/it\/wp-json\/wp\/v2\/types\/post"}],"author":[{"embeddable":true,"href":"https:\/\/www.europesays.com\/it\/wp-json\/wp\/v2\/users\/3"}],"replies":[{"embeddable":true,"href":"https:\/\/www.europesays.com\/it\/wp-json\/wp\/v2\/comments?post=490638"}],"version-history":[{"count":0,"href":"https:\/\/www.europesays.com\/it\/wp-json\/wp\/v2\/posts\/490638\/revisions"}],"wp:featuredmedia":[{"embeddable":true,"href":"https:\/\/www.europesays.com\/it\/wp-json\/wp\/v2\/media\/490639"}],"wp:attachment":[{"href":"https:\/\/www.europesays.com\/it\/wp-json\/wp\/v2\/media?parent=490638"}],"wp:term":[{"taxonomy":"category","embeddable":true,"href":"https:\/\/www.europesays.com\/it\/wp-json\/wp\/v2\/categories?post=490638"},{"taxonomy":"post_tag","embeddable":true,"href":"https:\/\/www.europesays.com\/it\/wp-json\/wp\/v2\/tags?post=490638"}],"curies":[{"name":"wp","href":"https:\/\/api.w.org\/{rel}","templated":true}]}}