{"id":491056,"date":"2026-05-15T03:14:26","date_gmt":"2026-05-15T03:14:26","guid":{"rendered":"https:\/\/www.europesays.com\/it\/491056\/"},"modified":"2026-05-15T03:14:26","modified_gmt":"2026-05-15T03:14:26","slug":"avviata-la-ricerca-di-uno-sponsor-per-puntare-al-professionismo","status":"publish","type":"post","link":"https:\/\/www.europesays.com\/it\/491056\/","title":{"rendered":"AVVIATA LA RICERCA DI UNO SPONSOR PER PUNTARE AL PROFESSIONISMO"},"content":{"rendered":"<p class=\"MsoNormal\" style=\"text-align: justify;\">Lo <b>Swatt Club<\/b>, ormai lo sappiamo, \u00e8 una realt\u00e0 fatta per vivere con intensit\u00e0, cuore e senza filtri ogni tipo di sfida ed \u00e8 cos\u00ec, senza mai porre un freno alle emozioni e all\u2019immaginazione, che in questi ultimi anni \u00e8 riuscita prima ad affacciarsi con successo e poi a ritagliarsi in maniera assolutamente meritata uno spazio sempre pi\u00f9 rilevante nel ciclismo di alto livello.\n            <\/p>\n<p class=\"MsoNormal\" style=\"text-align: justify;\">Tale approccio ha portato la compagine di <b>Carlo Beretta<\/b> a gareggiare nel 2026 con la patch di team <b>Continental<\/b> sul proprio body, uno status questo che le ha consentito di aumentare ulteriormente il livello del proprio calendario mettendo i suoi atleti di fronte ad avversari ancora pi\u00f9 solidi e blasonati. Il confronto, come era prevedibile, \u00e8 stato vissuto senza alcun timore reverenziale e questo ha permesso alla piccola squadra italiana (con una forte ramificazione danese) di togliersi fin da subito soddisfazioni di grande portata (4 vittorie e 3 podi tutti al di fuori dai confini nostrani) che non solo hanno ripagato l\u2019ambiente dei sacrifici fatti ma lo hanno anche legittimamente spinto a sognare ancora pi\u00f9 in grande.<\/p>\n<p class=\"MsoNormal\" style=\"text-align: justify;\">E, se parliamo di sogni, per una rappresentativa come lo Swatt Club quello pi\u00f9 naturale non pu\u00f2 che essere compiere lo step successivo e diventare a tutti gli effetti un team professionistico, un upgrade per il quale non basta solo armarsi di programmazione, coraggio e buona volont\u00e0 ma anche di risorse finanziarie di un certo peso.<\/p>\n<p class=\"MsoNormal\" style=\"text-align: justify;\">Per questo, attraverso il proprio profilo Linkedin, il numero uno del team ha ufficialmente aperto la ricerca di un nuovo sponsor che abbia voglia d\u2019investire concretamente nel progetto non solo per\u00f2 con l\u2019idea di fare un\u2019operazione di business ma con la volont\u00e0 di sposarne appieno la filosofia, la mentalit\u00e0 e le aspirazioni accompagnandolo per mano verso un futuro tutto da scrivere.<\/p>\n<p class=\"MsoNormal\" style=\"text-align: justify;\">Queste le parole, cariche di sentimento, scelte da Beretta per annunciare tutto ci\u00f2:<\/p>\n<p class=\"MsoNormal\" style=\"text-align: justify;\">\u201cSiamo una contraddizione unica. Puntiamo alla Luna sapendo che poi ci mancheranno i momenti nei parcheggi su delle seggioline da campeggio, i viaggi eterni in furgoni pieni di valigie, mangiare una pita seduti sui marciapiedi del Grand Hotel Bretagne nella piazza di Atene come celebrazione per una vittoria in una corsa Professionistica. <\/p>\n<p class=\"MsoNormal\" style=\"text-align: justify;\">Sarebbe tutto molto cinematico ma a volte vorresti anche tenere tutto nella mente perch\u00e9 sono quelle cose difficili da comunicare, perch\u00e9 si portano gi\u00e0 con s\u00e9 la scia malinconica. Siamo un team piccolissimo, <strong>crediamo nella creativit\u00e0, crediamo nella spavalderia, crediamo nelle persone prima dei numeri, crediamo che l\u2019Agonismo sia la forma pi\u00f9 estrema di crescita personale<\/strong>. <\/p>\n<p class=\"MsoNormal\" style=\"text-align: justify;\">Crediamo che inseguire sogni impossibili sia il motore di azioni folli. Come vincere nel cortile degli Dei greci, ad Atene, dove Platone dispensava pillole di vita. Siamo una contraddizione perch\u00e9 arrivati al porto di Igoumenitsa vediamo i pullman delle squadre del Giro d\u2019Italia e dentro di noi ci sentiamo piccoli, scarsi, inferiori. Dentro di noi sentiamo che un giorno vorremmo essere li. <\/p>\n<p class=\"MsoNormal\" style=\"text-align: justify;\">Se punti la Luna da qualche parte forse finirai. Se volete puntare la Luna insieme a noi siamo pronti, perch\u00e9 prima o poi avremo bisogno di aiuto per fare un grande salto. <strong>E l\u2019unico grande salto \u00e8 passare da una squadra Continental ad una Professional<\/strong>. <\/p>\n<p class=\"MsoNormal\" style=\"text-align: justify;\">Eh, s\u00ec, questo \u00e8 un annuncio di ricerca sponsor, ma non per offrire visibilit\u00e0 o opportunit\u00e0. <strong>Offriamo solo grandi sogni<\/strong>\u201d.<\/p>\n<p>Photo credit: Tour of Hellas<\/p>\n","protected":false},"excerpt":{"rendered":"Lo Swatt Club, ormai lo sappiamo, \u00e8 una realt\u00e0 fatta per vivere con intensit\u00e0, cuore e senza filtri&hellip;\n","protected":false},"author":3,"featured_media":491057,"comment_status":"","ping_status":"","sticky":false,"template":"","format":"standard","meta":{"footnotes":"","_share_on_mastodon":"0"},"categories":[1456],"tags":[1824,100631,1825,1537,90,89,85284,245,244,18853],"class_list":["post-491056","post","type-post","status-publish","format-standard","has-post-thumbnail","category-ciclismo","tag-ciclismo","tag-continental","tag-cycling","tag-it","tag-italia","tag-italy","tag-proteam","tag-sport","tag-sports","tag-swatt-club"],"share_on_mastodon":{"url":"https:\/\/pubeurope.com\/@it\/116576417543486935","error":""},"_links":{"self":[{"href":"https:\/\/www.europesays.com\/it\/wp-json\/wp\/v2\/posts\/491056","targetHints":{"allow":["GET"]}}],"collection":[{"href":"https:\/\/www.europesays.com\/it\/wp-json\/wp\/v2\/posts"}],"about":[{"href":"https:\/\/www.europesays.com\/it\/wp-json\/wp\/v2\/types\/post"}],"author":[{"embeddable":true,"href":"https:\/\/www.europesays.com\/it\/wp-json\/wp\/v2\/users\/3"}],"replies":[{"embeddable":true,"href":"https:\/\/www.europesays.com\/it\/wp-json\/wp\/v2\/comments?post=491056"}],"version-history":[{"count":0,"href":"https:\/\/www.europesays.com\/it\/wp-json\/wp\/v2\/posts\/491056\/revisions"}],"wp:featuredmedia":[{"embeddable":true,"href":"https:\/\/www.europesays.com\/it\/wp-json\/wp\/v2\/media\/491057"}],"wp:attachment":[{"href":"https:\/\/www.europesays.com\/it\/wp-json\/wp\/v2\/media?parent=491056"}],"wp:term":[{"taxonomy":"category","embeddable":true,"href":"https:\/\/www.europesays.com\/it\/wp-json\/wp\/v2\/categories?post=491056"},{"taxonomy":"post_tag","embeddable":true,"href":"https:\/\/www.europesays.com\/it\/wp-json\/wp\/v2\/tags?post=491056"}],"curies":[{"name":"wp","href":"https:\/\/api.w.org\/{rel}","templated":true}]}}