{"id":491098,"date":"2026-05-15T04:08:27","date_gmt":"2026-05-15T04:08:27","guid":{"rendered":"https:\/\/www.europesays.com\/it\/491098\/"},"modified":"2026-05-15T04:08:27","modified_gmt":"2026-05-15T04:08:27","slug":"manfredonia-la-porta-del-gargano-e-del-cicloturismo","status":"publish","type":"post","link":"https:\/\/www.europesays.com\/it\/491098\/","title":{"rendered":"Manfredonia, la porta del Gargano. E del cicloturismo"},"content":{"rendered":"<p>La cornice \u00e8 stata quella impeccabile, messa in piedi da \u201cManfredonia Experience\u201d, con un press tour sotto la regia della <a href=\"https:\/\/www.fondazioneremanfredi.it\" rel=\"nofollow noopener\" target=\"_blank\">Fondazione Re Manfredi<\/a>. Nei fatti, per noi, si \u00e8 trattato di una due giorni in sella, per scoprire una citt\u00e0 che non a caso \u00e8 definita \u201cla porta del Gargano\u201d: Manfredonia.<\/p>\n<p>\u00c8 cos\u00ec in senso turistico classico, visto che da questa citt\u00e0 di mare puoi raggiungere facilmente da sud tutti i posti pi\u00f9 famosi e iconici dell\u2019area garganica: Monte Sant\u2019Angelo, Mattinata, Vieste e ancora pi\u00f9 all\u2019interno i boschi della Foresta Umbra. Sono queste le mete preferite dei turisti che si trovano a soggiornare in questa citt\u00e0 di mare che domina il bel Golfo omonimo.<\/p>\n<p><img loading=\"lazy\" title=\"manfredonia \u2013 Cyclinside.it\" decoding=\"async\" class=\"size-full wp-image-130515\" src=\"https:\/\/www.europesays.com\/it\/wp-content\/uploads\/2026\/05\/Screenshot-2026-05-13-alle-215050.jpg\" alt=\"\" width=\"1100\" height=\"619\"  \/>Sulla Pedicagnola, ciclabile \u201cnaturale\u201d a due passi da Manfredonia<\/p>\n<p>Meno praticate da Manfredonia, invece, sono le rotte <a href=\"https:\/\/cyclinside.it\/cicloturismo\/\" rel=\"nofollow noopener\" target=\"_blank\">cicloturistiche<\/a>, pi\u00f9 che altro perch\u00e9 in questa zona della Puglia non si pu\u00f2 certo parlare di una radicata cultura del viaggiare in bici e le infrastrutture per chi va sui pedali sono ancora poche:<\/p>\n<p>\u00e8 esattamente ci\u00f2 in cui stanno investendo e spingendo alcune realt\u00e0 del territorio, prima tra tutte la Fondazione Re Manfredi che ha promosso questa \u201cexperience\u201d, ma anche alcune societ\u00e0 specializzate dell\u2019area, che si occupano dell\u2019organizzazione di vacanze attive sul Gargano, in particolar modo in bicicletta.<\/p>\n<p><img loading=\"lazy\" title=\"manfredonia, mattinata \u2013 Cyclinside.it\" decoding=\"async\" class=\"size-full wp-image-130516\" src=\"https:\/\/www.europesays.com\/it\/wp-content\/uploads\/2026\/05\/Screenshot-2026-05-13-alle-215842.jpg\" alt=\"\" width=\"1100\" height=\"626\"  \/>Obbligata una sosta quando dall\u2019alto scorgi la spiaggia di Mattinata<\/p>\n<p><a href=\"https:\/\/www.mooveng.it\/\" rel=\"nofollow noopener\" target=\"_blank\">Mooveng<\/a>\u00a0\u00e8 una di queste.<\/p>\n<p>A cosa deve questo nome? Credevamo si ispirasse al dinamismo del verbo inglese \u201cto move\u201d; in realt\u00e0 \u00e8 l\u2019esatto opposto, \u00e8 l\u2019atteggiamento \u201cno stress\u201d del pugliese \u201cmo\u2019 veng&#8217;\u201d, che in italiano significa \u201cadesso arrivo, a inneggiare la filosofia del vivere godendosi tutto senza fretta, con i tempi e i modi giusti, sopratutto se si tratta di scoprire territori nuovi o esplorare rotte inedite.<\/p>\n<p><img loading=\"lazy\" title=\"Manfredonia Gargano \u2013 Cyclinside.it\" decoding=\"async\" class=\"size-full wp-image-130514\" src=\"https:\/\/www.europesays.com\/it\/wp-content\/uploads\/2026\/05\/Screenshot-2026-05-13-alle-215704.jpg\" alt=\"\" width=\"1100\" height=\"626\"  \/>In bici nei vicoli del \u201cborgo bianco\u201d, Monte Sant\u2019Angelo<\/p>\n<p>\u00c8 esattamente quel che abbiamo fatto in questi giorni di press tour, accompagnati in sella da guide che ne sanno di tecnica e percorsi, ma soprattutto che conoscono il territorio, le sue tradizioni autentiche e le storie dei posti te lo sanno narrare e raccontare.<\/p>\n<p>Un territorio che si traccia da solo<\/p>\n<p>Come abbiamo detto, qui strutture e infrastrutture cicloturistiche soo ai primi passi, una cultura cicloturistica sta germogliando presso gli attori turistici locali; \u00a0i primi bike-hotel, da parte loro, stanno nascendo ora, ma aggiungiamo che a nostro avviso a livello di itinerari per il viaggio in bici, questo territorio si traccia quasi da solo.<\/p>\n<p><img loading=\"lazy\" title=\"Screenshot 2026-05-13 alle 215515 \u2013 Cyclinside.it\" decoding=\"async\" class=\"size-full wp-image-130518\" src=\"https:\/\/www.europesays.com\/it\/wp-content\/uploads\/2026\/05\/Screenshot-2026-05-13-alle-215515.jpg\" alt=\"\" width=\"1100\" height=\"626\"  \/>Verde e selvaggio, l\u2019altopiano tra Ruggiano e Cassano: c\u2019\u00e8 una variet\u00e0 botanica tra le pi\u00f9 ricche d\u2019Italia<\/p>\n<p>Intendiamo dire: la maggior parte delle strade che abbiamo fatto in questi giorni di tour (nei quali lo ricordiamo, abbiamo \u201cbattuto\u201d solo una piccolissima parte del territorio garganico) sono strade a scarso traffico, vie secondarie, con superfici che spesso sono quelle sterrate tipiche del \u00a0gravel, ma con buona frequenza possono essere anche asfaltate dove transita al massimo una macchina l\u2019ora\u2026.<\/p>\n<p>C\u2019\u00e8 anche un Giro ad Anello del Gargano<\/p>\n<p>In questo senso il GAG, ovvero il <a href=\"https:\/\/www.mooveng.it\/gargano-in-bici-in-puglia\/\" rel=\"nofollow noopener\" target=\"_blank\">Giro ad Anello del Gargano<\/a> \u00e8 esemplare: \u00e8 un percorso, o meglio racchiude una serie di percorsi, che descrivono ad anello tutta l\u2019area garganica, con i limiti nord sud rappresentati da Peschici e appunto da Manfredonia.<\/p>\n<p><img loading=\"lazy\" title=\"giro ad anello del Gargano \u2013 Cyclinside.it\" decoding=\"async\" class=\"size-full wp-image-130519\" src=\"https:\/\/www.europesays.com\/it\/wp-content\/uploads\/2026\/05\/PHOTO-2026-05-13-13-39-48.jpg\" alt=\"\" width=\"1100\" height=\"689\"  \/>Il GAG, \u201cGiro ad Anello del Gargano\u201d, sviluppa oltre 350 Km; si pu\u00f2 far partire anche da Manfredonia<\/p>\n<p>Il percorso GAG su cui i ragazzi di Mooveng stanno lavorando ha pi\u00f9 opzioni, che pur ricalcando una direzione comune, si possono adattare alle esigenze del ciclista su bici gravel, a quelle del rider tecnico che va in mtb e per finire c\u2019\u00e8 un\u2019opzione per sole bici da corsa, tutta su asfalto.<\/p>\n<p>Manfredonia e i suoi dintorni: la photogallery<\/p>\n<p>(foto Dario Raimondi)<\/p>\n<p>Il video che vi invitiamo cliccare lo abbiamo realizzato nella parte pi\u00f9 meridionale di questa area: siamo partiti e arrivati appunto da Manfredonia, e attraverso un itinerario completato in due giorni ci ha permesso di scoprire un territorio, una comunit\u00e0 e soprattutto persone che meritano di essere conosciuti e raccontati.<\/p>\n<p>La bicicletta, ancora una volta, \u00e8 forse lo strumento migliore per farlo.<\/p>\n","protected":false},"excerpt":{"rendered":"La cornice \u00e8 stata quella impeccabile, messa in piedi da \u201cManfredonia Experience\u201d, con un press tour sotto la&hellip;\n","protected":false},"author":3,"featured_media":491099,"comment_status":"","ping_status":"","sticky":false,"template":"","format":"standard","meta":{"footnotes":"","_share_on_mastodon":"0"},"categories":[1456],"tags":[1824,1825,3048,110663,1537,90,89,69679,10898,245,244,2392],"class_list":["post-491098","post","type-post","status-publish","format-standard","has-post-thumbnail","category-ciclismo","tag-ciclismo","tag-cycling","tag-evidenza","tag-gargano","tag-it","tag-italia","tag-italy","tag-manfredonia","tag-puglia","tag-sport","tag-sports","tag-video"],"share_on_mastodon":{"url":"https:\/\/pubeurope.com\/@it\/116576630510113130","error":""},"_links":{"self":[{"href":"https:\/\/www.europesays.com\/it\/wp-json\/wp\/v2\/posts\/491098","targetHints":{"allow":["GET"]}}],"collection":[{"href":"https:\/\/www.europesays.com\/it\/wp-json\/wp\/v2\/posts"}],"about":[{"href":"https:\/\/www.europesays.com\/it\/wp-json\/wp\/v2\/types\/post"}],"author":[{"embeddable":true,"href":"https:\/\/www.europesays.com\/it\/wp-json\/wp\/v2\/users\/3"}],"replies":[{"embeddable":true,"href":"https:\/\/www.europesays.com\/it\/wp-json\/wp\/v2\/comments?post=491098"}],"version-history":[{"count":0,"href":"https:\/\/www.europesays.com\/it\/wp-json\/wp\/v2\/posts\/491098\/revisions"}],"wp:featuredmedia":[{"embeddable":true,"href":"https:\/\/www.europesays.com\/it\/wp-json\/wp\/v2\/media\/491099"}],"wp:attachment":[{"href":"https:\/\/www.europesays.com\/it\/wp-json\/wp\/v2\/media?parent=491098"}],"wp:term":[{"taxonomy":"category","embeddable":true,"href":"https:\/\/www.europesays.com\/it\/wp-json\/wp\/v2\/categories?post=491098"},{"taxonomy":"post_tag","embeddable":true,"href":"https:\/\/www.europesays.com\/it\/wp-json\/wp\/v2\/tags?post=491098"}],"curies":[{"name":"wp","href":"https:\/\/api.w.org\/{rel}","templated":true}]}}