{"id":492132,"date":"2026-05-15T19:09:17","date_gmt":"2026-05-15T19:09:17","guid":{"rendered":"https:\/\/www.europesays.com\/it\/492132\/"},"modified":"2026-05-15T19:09:17","modified_gmt":"2026-05-15T19:09:17","slug":"mercato-inter-palestra-kone-solet-i-nomi-per-il-futuro","status":"publish","type":"post","link":"https:\/\/www.europesays.com\/it\/492132\/","title":{"rendered":"Mercato Inter, Palestra, Kone, Solet: i nomi per il futuro"},"content":{"rendered":"<p class=\"paragraph\" spellcheck=\"true\">E adesso? La domanda che serpeggia nel mondo nerazzurro \u00e8 proprio questa. Come sar\u00e0 il mercato nerazzurro? Come si svilupper\u00e0 la strategia per poter puntare ancora alle stelle? Archiviato il &#8220;doblete&#8221;, l&#8217;accoppiata coppa-campionato che mancava dai tempi di Mourinho, i piani alti inizieranno a pensare all&#8217;Inter che verr\u00e0 per il prossimo anno. Diversi gli addii &#8211; Acerbi, Darmian, Mkhitaryan, Frattesi&#8230; -, cos\u00ec come gli obiettivi. Proviamo a delineare quali potrebbero essere i prossimi investimenti anche seguendo le linee guida di Marotta: &#8220;Giovani italiani e stranieri esperti&#8221;.<\/p>\n","protected":false},"excerpt":{"rendered":"E adesso? La domanda che serpeggia nel mondo nerazzurro \u00e8 proprio questa. Come sar\u00e0 il mercato nerazzurro? Come&hellip;\n","protected":false},"author":3,"featured_media":492133,"comment_status":"","ping_status":"","sticky":false,"template":"","format":"standard","meta":{"footnotes":"","_share_on_mastodon":"0"},"categories":[1452],"tags":[33592,100996,721,925,7204,1330,237967,1969,2839,6693,4297,38763,8506,2391,265812,27045,1533,3074,1740,3368,15049,1889,1148,350,1537,90,89,5266,35788,273216,1412,38753,1353,1354,8392,809,21438,5534,2855,246369,115,4262,7634,5528,26818,1438,1739,1359,43820,245,244,577,26462,1899],"class_list":["post-492132","post","type-post","status-publish","format-standard","has-post-thumbnail","category-calcio","tag-acerbi","tag-acerbi-darmian","tag-calcio","tag-centrale","tag-centrocampo","tag-cercato","tag-cercato-estate","tag-champions","tag-chivu","tag-contratto","tag-coppa","tag-darmian","tag-davide","tag-diversi","tag-doblete","tag-esserci","tag-estate","tag-fascia","tag-football","tag-francese","tag-frattesi","tag-giocare","tag-giugno","tag-inter","tag-it","tag-italia","tag-italy","tag-marotta","tag-martinez","tag-martinez-punta","tag-mercato","tag-mkhitaryan","tag-mondiale","tag-ne","tag-nerazzurro","tag-obiettivo","tag-occasioni","tag-piani","tag-portiere","tag-portiere-titolare","tag-premier","tag-prossimo","tag-punta","tag-reparto","tag-salutare","tag-scadenza","tag-soccer","tag-societa","tag-solet","tag-sport","tag-sports","tag-stagione","tag-titolare","tag-tornare"],"share_on_mastodon":{"url":"","error":"Validation failed: Text character limit of 500 exceeded"},"_links":{"self":[{"href":"https:\/\/www.europesays.com\/it\/wp-json\/wp\/v2\/posts\/492132","targetHints":{"allow":["GET"]}}],"collection":[{"href":"https:\/\/www.europesays.com\/it\/wp-json\/wp\/v2\/posts"}],"about":[{"href":"https:\/\/www.europesays.com\/it\/wp-json\/wp\/v2\/types\/post"}],"author":[{"embeddable":true,"href":"https:\/\/www.europesays.com\/it\/wp-json\/wp\/v2\/users\/3"}],"replies":[{"embeddable":true,"href":"https:\/\/www.europesays.com\/it\/wp-json\/wp\/v2\/comments?post=492132"}],"version-history":[{"count":0,"href":"https:\/\/www.europesays.com\/it\/wp-json\/wp\/v2\/posts\/492132\/revisions"}],"wp:featuredmedia":[{"embeddable":true,"href":"https:\/\/www.europesays.com\/it\/wp-json\/wp\/v2\/media\/492133"}],"wp:attachment":[{"href":"https:\/\/www.europesays.com\/it\/wp-json\/wp\/v2\/media?parent=492132"}],"wp:term":[{"taxonomy":"category","embeddable":true,"href":"https:\/\/www.europesays.com\/it\/wp-json\/wp\/v2\/categories?post=492132"},{"taxonomy":"post_tag","embeddable":true,"href":"https:\/\/www.europesays.com\/it\/wp-json\/wp\/v2\/tags?post=492132"}],"curies":[{"name":"wp","href":"https:\/\/api.w.org\/{rel}","templated":true}]}}