{"id":494104,"date":"2026-05-17T00:38:14","date_gmt":"2026-05-17T00:38:14","guid":{"rendered":"https:\/\/www.europesays.com\/it\/494104\/"},"modified":"2026-05-17T00:38:14","modified_gmt":"2026-05-17T00:38:14","slug":"joyride-300-di-sym-quando-lo-scooter-diventa-uno-stile-di-vita","status":"publish","type":"post","link":"https:\/\/www.europesays.com\/it\/494104\/","title":{"rendered":"Joyride 300 di Sym. Quando lo scooter diventa uno stile di vita"},"content":{"rendered":"<p>Ecco lo scooter che pu\u00f2 abbracciare tutto, ma proprio tutto, dal percorso cittadino (fluido, maneggevole e \u2019sensibile\u2019), alle strade per i grandi viaggi (comfort, potenza e sicurezza).<\/p>\n<p>Il segmento dei 300 accoglie il nuovo Joyride 300 di Sym, un\u2019evoluzione profonda che punta tutto sulla concretezza. Questo restyling non si ferma alla superficie, perch\u00e9 presenta un pacchetto completo di aggiornamenti tecnici studiati per chi cerca un mezzo pronto a tutto, capace di unire un design moderno a una praticit\u00e0 senza eguali.<\/p>\n<p>Le linee del nuovo Joyride 300 trasmettono dinamismo anche da fermo. Il carattere del veicolo \u00e8 definito dai nuovi fari anteriori a quattro lenti Led, progettati per una visibilit\u00e0 superiore e uno sguardo deciso che richiama l\u2019agilit\u00e0 felina. Al posteriore, il fanale a Led con effetto 3D garantisce una firma luminosa tecnologica e sofisticata. Ciclistica reattiva: la combinazione tra la ruota anteriore da 16\u201d e la funzionalit\u00e0 della pedana piatta garantisce una maneggevolezza immediata e intuitiva in ogni condizione di traffico.<\/p>\n<p>Comfort ergonomico: la nuova sella con supporto lombare e la revisione dei poggiapiedi permettono una guida defaticante. Il parabrezza regolabile in altezza assicura una protezione aerodinamica personalizzabile Tecnologia e Capacit\u00e0 di carico: tutto di serie, dalla strumentazione LCD al sistema Keyless 2.0, fino alla presa Quickcharge 3.0. Lo spazio non \u00e8 un problema grazie al bauletto Shad da 39L con portapacchi integrato gi\u00e0 incluso.<\/p>\n<p>Il controllo \u00e8 totale grazie al sistema a doppio cavo dell\u2019acceleratore. La sicurezza non \u00e8 un optional: il sistema TCS (Traction Control System) e l\u2019ABS lavorano in sinergia per garantire stabilit\u00e0 e sicurezza su ogni tipo di superficie. Con il nuovo Joyride 300 MY26, la strada non \u00e8 pi\u00f9 un semplice tragitto, ma uno spazio da vivere con la massima serenit\u00e0. \u00c8 lo scooter pensato per chi non vuole scegliere tra estetica e la sostanza di un mezzo che ha gi\u00e0 tutto quello che serve. <\/p>\n<p>Ri.Ga.<\/p>\n","protected":false},"excerpt":{"rendered":"Ecco lo scooter che pu\u00f2 abbracciare tutto, ma proprio tutto, dal percorso cittadino (fluido, maneggevole e \u2019sensibile\u2019), alle&hellip;\n","protected":false},"author":3,"featured_media":494105,"comment_status":"","ping_status":"","sticky":false,"template":"","format":"standard","meta":{"footnotes":"","_share_on_mastodon":"0"},"categories":[172],"tags":[178,177,77283,1537,90,89,274376,9501,1581,259143],"class_list":["post-494104","post","type-post","status-publish","format-standard","has-post-thumbnail","category-affari","tag-affari","tag-business","tag-diventa","tag-it","tag-italia","tag-italy","tag-joyride","tag-scooter","tag-stile","tag-sym"],"share_on_mastodon":{"url":"https:\/\/pubeurope.com\/@it\/116587128578351927","error":""},"_links":{"self":[{"href":"https:\/\/www.europesays.com\/it\/wp-json\/wp\/v2\/posts\/494104","targetHints":{"allow":["GET"]}}],"collection":[{"href":"https:\/\/www.europesays.com\/it\/wp-json\/wp\/v2\/posts"}],"about":[{"href":"https:\/\/www.europesays.com\/it\/wp-json\/wp\/v2\/types\/post"}],"author":[{"embeddable":true,"href":"https:\/\/www.europesays.com\/it\/wp-json\/wp\/v2\/users\/3"}],"replies":[{"embeddable":true,"href":"https:\/\/www.europesays.com\/it\/wp-json\/wp\/v2\/comments?post=494104"}],"version-history":[{"count":0,"href":"https:\/\/www.europesays.com\/it\/wp-json\/wp\/v2\/posts\/494104\/revisions"}],"wp:featuredmedia":[{"embeddable":true,"href":"https:\/\/www.europesays.com\/it\/wp-json\/wp\/v2\/media\/494105"}],"wp:attachment":[{"href":"https:\/\/www.europesays.com\/it\/wp-json\/wp\/v2\/media?parent=494104"}],"wp:term":[{"taxonomy":"category","embeddable":true,"href":"https:\/\/www.europesays.com\/it\/wp-json\/wp\/v2\/categories?post=494104"},{"taxonomy":"post_tag","embeddable":true,"href":"https:\/\/www.europesays.com\/it\/wp-json\/wp\/v2\/tags?post=494104"}],"curies":[{"name":"wp","href":"https:\/\/api.w.org\/{rel}","templated":true}]}}