{"id":494365,"date":"2026-05-17T06:11:12","date_gmt":"2026-05-17T06:11:12","guid":{"rendered":"https:\/\/www.europesays.com\/it\/494365\/"},"modified":"2026-05-17T06:11:12","modified_gmt":"2026-05-17T06:11:12","slug":"new-volley-ripalta-accolta-in-comune-orgogliose-di-aver-raggiunto-un-traguardo-storico","status":"publish","type":"post","link":"https:\/\/www.europesays.com\/it\/494365\/","title":{"rendered":"New Volley Ripalta accolta in comune: &#8220;Orgogliose di aver raggiunto un traguardo storico&#8221;"},"content":{"rendered":"<p><strong>Si respira ancora clima di festa e di trionfo a Ripalta Cremasca per la promozione in A3 della Cr Trasport<\/strong>, un traguardo storico per la comunit\u00e0 pallavolistica ripaltese.<\/p>\n<p>Dopo il successo in campo, la societ\u00e0 del <strong>presidente Cristoforo Lorenzetti<\/strong> \u00e8 stata accolta anche dal sindaco di Ripalta Cremasca <strong>Aries Bonazza<\/strong>, dall\u2019assessora allo sport<strong> Roberta Fusar Bassini e dal consigliere di maggioranza Federico Brigatti<\/strong>, che hanno voluto omaggiare il club neroarancio con una targa di riconoscimento per il grande traguardo raggiunto.<\/p>\n<p>A rappresentare la squadra erano presenti tre giocatrici: <strong>il libero Alice Labadini, insieme alle due schiacciatrici Eugenia Ottino e Matilde Boffelli<\/strong>, oltre ad alcuni membri dello staff<\/p>\n<p>\u201cRingraziamo il presidente e ovviamente le protagoniste di questa grande impresa \u2013 ha ribadito Bonazza \u2013 che, insieme ai volontari e allo staff, hanno reso grande questa comunit\u00e0\u201d.<\/p>\n<p><strong>Ancora tanta gioia per le ragazze, pronte a misurarsi in una categoria nuova e inedita come la A3,<\/strong> che esordir\u00e0 proprio dalla prossima stagione, con l\u2019obiettivo di alzare ulteriormente il proprio livello.<\/p>\n<p>\u201cAbbiamo vissuto un sogno \u2013 spiega Ottino <strong>\u2013 tanti sacrifici che ci hanno permesso di raggiungere questo traguardo<\/strong>. Non ce lo aspettavamo: \u00e8 stato il coronamento di un grande percorso, ancora non ci credo. Ripalta \u00e8 una bellissima realt\u00e0, siamo una famiglia\u201d.<\/p>\n<p>\u201cQuesta \u00e8 stata una grande soddisfazione a livello personale, di squadra, societario e per un\u2019intera comunit\u00e0 \u2013 ha aggiunto Labadini \u2013. Non ci credo ancora nemmeno io: <strong>rivivere quelle emozioni di fine campionato \u00e8 stato qualcosa di incredibile, assurdo<\/strong>\u201d.<\/p>\n<p>\u201cSiamo state sempre unite per tutta la stagione \u2013 ha chiosato Boffelli \u2013 non solo noi della squadra, ma anche tutto lo staff e i nostri tifosi. Abbiamo raccolto i frutti di tutti i sacrifici fatti durante la stagione. <strong>Siamo felici e orgogliose di ci\u00f2 che abbiamo fatto<\/strong>\u201d.<\/p>\n<p><strong>Felicit\u00e0 e un filo di emozione, infine, per il patron Lorenzett<\/strong>i: \u201cSono vent\u2019anni che faccio il presidente. Non mi sarei mai aspettato di raggiungere un traguardo simile. Dalla Seconda Divisione siamo arrivati in A3 grazie a un lavoro strutturato di staff, collaboratori e sponsor, che sono veramente eccezionali. Queste imprese voglio sempre condividerle con loro\u201d.<\/p>\n<p>\n                \u00a9 Riproduzione riservata\n              <\/p>\n","protected":false},"excerpt":{"rendered":"Si respira ancora clima di festa e di trionfo a Ripalta Cremasca per la promozione in A3 della&hellip;\n","protected":false},"author":3,"featured_media":494366,"comment_status":"","ping_status":"","sticky":false,"template":"","format":"standard","meta":{"footnotes":"","_share_on_mastodon":"0"},"categories":[1474],"tags":[59131,96583,9360,1537,90,89,262910,245,244,1869],"class_list":["post-494365","post","type-post","status-publish","format-standard","has-post-thumbnail","category-volley","tag-a3","tag-cremaschi","tag-cremasco","tag-it","tag-italia","tag-italy","tag-ripalta-cremasca","tag-sport","tag-sports","tag-volley"],"share_on_mastodon":{"url":"https:\/\/pubeurope.com\/@it\/116588438180163358","error":""},"_links":{"self":[{"href":"https:\/\/www.europesays.com\/it\/wp-json\/wp\/v2\/posts\/494365","targetHints":{"allow":["GET"]}}],"collection":[{"href":"https:\/\/www.europesays.com\/it\/wp-json\/wp\/v2\/posts"}],"about":[{"href":"https:\/\/www.europesays.com\/it\/wp-json\/wp\/v2\/types\/post"}],"author":[{"embeddable":true,"href":"https:\/\/www.europesays.com\/it\/wp-json\/wp\/v2\/users\/3"}],"replies":[{"embeddable":true,"href":"https:\/\/www.europesays.com\/it\/wp-json\/wp\/v2\/comments?post=494365"}],"version-history":[{"count":0,"href":"https:\/\/www.europesays.com\/it\/wp-json\/wp\/v2\/posts\/494365\/revisions"}],"wp:featuredmedia":[{"embeddable":true,"href":"https:\/\/www.europesays.com\/it\/wp-json\/wp\/v2\/media\/494366"}],"wp:attachment":[{"href":"https:\/\/www.europesays.com\/it\/wp-json\/wp\/v2\/media?parent=494365"}],"wp:term":[{"taxonomy":"category","embeddable":true,"href":"https:\/\/www.europesays.com\/it\/wp-json\/wp\/v2\/categories?post=494365"},{"taxonomy":"post_tag","embeddable":true,"href":"https:\/\/www.europesays.com\/it\/wp-json\/wp\/v2\/tags?post=494365"}],"curies":[{"name":"wp","href":"https:\/\/api.w.org\/{rel}","templated":true}]}}