{"id":494412,"date":"2026-05-17T06:54:14","date_gmt":"2026-05-17T06:54:14","guid":{"rendered":"https:\/\/www.europesays.com\/it\/494412\/"},"modified":"2026-05-17T06:54:14","modified_gmt":"2026-05-17T06:54:14","slug":"festival-di-cannes-2026-e-ancora-demi-moore-show-tutti-i-look-e-i-nostri-voti-sul-red-carpet-della-quinta-serata-e-ce-anche-brooke-logan-che-pero-non-indossa-forrester-creations-ma-quasi","status":"publish","type":"post","link":"https:\/\/www.europesays.com\/it\/494412\/","title":{"rendered":"Festival di Cannes 2026, \u00e8 ancora Demi Moore show: tutti i look e i nostri voti sul red carpet della quinta serata. E c&#8217;\u00e8 anche Brooke Logan, che per\u00f2 non indossa Forrester Creations (ma quasi)"},"content":{"rendered":"<p>Protagonisti della giornata i film Sheep in the Box di Hirokazu Kore-eda e soprattutto El Ser Querido di Rodrigo Sorogoyen, che porta alla Croisette l&#8217;amato <strong>Javier<\/strong> <strong>Bardem<\/strong>, applauditissimo.<\/p>\n<p>Le star sul red carpet latitano, tanto che a farsi notare sono <strong>Katherine<\/strong> <strong>Kelly<\/strong> <strong>Lang<\/strong>, la Brooke di Beautiful, con un look alla Moda Mare Positano, e l&#8217;accoppiata made in Italy di <strong>Sveva<\/strong> <strong>Alviti<\/strong> e <strong>Alessandra<\/strong> <strong>Mastronardi<\/strong>,  atenere alta la bandiera dello stile italiano.<\/p>\n<p>Il colpo di scena arriva quando la notte \u00e8 calata e gi\u00e0 il cielo si \u00e8 fatto profondamente nero: sul red carpet sfila il film Paper Tiger di James Gray; accanto all&#8217;elegantissimo protagonista <strong>Adam<\/strong> <strong>Driver<\/strong>, ecco una stella hollywoodiana che in quando ad outfit non delude mai, e tanto meno questa sera: <strong>Cate<\/strong> <strong>Blanchett<\/strong>.<\/p>\n<p>I look al photocall:<\/p>\n<p>Ma se Cate va sul sicuro con un abito nero e semplice, che non pu\u00f2 non piacere a tutti, a movimentare gli animi ci pensa, con una sorpresa tanto inaspettata quanto riuscita e gradita, la pi\u00f9 divina di questo Festival, la giurata <strong>Demi<\/strong> <strong>Moore<\/strong>, con un abito destinato a dividere il pubblico. Perch\u00e9? Guardate per credere (spoiler: noi lo abbiamo a-do-ra-to!).<\/p>\n<p>E quando i giochi sembrano fatti, ecco che sul red carpet successivo, quello di **Full Phil **di Quentin Dupieux, sbuca un&#8217;inedita Kristen Stewart, che interpreta al meglio uno degli abiti pi\u00f9 belli della nuova era di Chanel secondo Matthieu Blazy. Insomma: una giornata partita lenta, e finita col turbo.<\/p>\n<p>Guarda tutti i look sul red carpet della quinta serata del Festival di Cannes 2026 ( e i nostri voti):<\/p>\n","protected":false},"excerpt":{"rendered":"Protagonisti della giornata i film Sheep in the Box di Hirokazu Kore-eda e soprattutto El Ser Querido di&hellip;\n","protected":false},"author":3,"featured_media":494413,"comment_status":"","ping_status":"","sticky":false,"template":"","format":"standard","meta":{"footnotes":"","_share_on_mastodon":"0"},"categories":[174],"tags":[42521,62836,203,43749,204,1537,90,89],"class_list":["post-494412","post","type-post","status-publish","format-standard","has-post-thumbnail","category-intrattenimento","tag-cate-blanchett","tag-demi-moore","tag-entertainment","tag-festival-di-cannes","tag-intrattenimento","tag-it","tag-italia","tag-italy"],"share_on_mastodon":{"url":"https:\/\/pubeurope.com\/@it\/116588607579672155","error":""},"_links":{"self":[{"href":"https:\/\/www.europesays.com\/it\/wp-json\/wp\/v2\/posts\/494412","targetHints":{"allow":["GET"]}}],"collection":[{"href":"https:\/\/www.europesays.com\/it\/wp-json\/wp\/v2\/posts"}],"about":[{"href":"https:\/\/www.europesays.com\/it\/wp-json\/wp\/v2\/types\/post"}],"author":[{"embeddable":true,"href":"https:\/\/www.europesays.com\/it\/wp-json\/wp\/v2\/users\/3"}],"replies":[{"embeddable":true,"href":"https:\/\/www.europesays.com\/it\/wp-json\/wp\/v2\/comments?post=494412"}],"version-history":[{"count":0,"href":"https:\/\/www.europesays.com\/it\/wp-json\/wp\/v2\/posts\/494412\/revisions"}],"wp:featuredmedia":[{"embeddable":true,"href":"https:\/\/www.europesays.com\/it\/wp-json\/wp\/v2\/media\/494413"}],"wp:attachment":[{"href":"https:\/\/www.europesays.com\/it\/wp-json\/wp\/v2\/media?parent=494412"}],"wp:term":[{"taxonomy":"category","embeddable":true,"href":"https:\/\/www.europesays.com\/it\/wp-json\/wp\/v2\/categories?post=494412"},{"taxonomy":"post_tag","embeddable":true,"href":"https:\/\/www.europesays.com\/it\/wp-json\/wp\/v2\/tags?post=494412"}],"curies":[{"name":"wp","href":"https:\/\/api.w.org\/{rel}","templated":true}]}}