{"id":494887,"date":"2026-05-17T14:24:13","date_gmt":"2026-05-17T14:24:13","guid":{"rendered":"https:\/\/www.europesays.com\/it\/494887\/"},"modified":"2026-05-17T14:24:13","modified_gmt":"2026-05-17T14:24:13","slug":"napoli-conte-verso-laddio-il-mio-futuro-de-laurentiis-sa-cosa-penso","status":"publish","type":"post","link":"https:\/\/www.europesays.com\/it\/494887\/","title":{"rendered":"Napoli, Conte verso l&#8217;addio: &#8220;Il mio futuro? De Laurentiis sa cosa penso&#8221;"},"content":{"rendered":"<p>                                L&#8217;allenatore dopo la qualificazione assicurata: &#8220;\u00c8 stata un\u2019annata complessa, ma siamo vivi e abbiamo centrato l\u2019obiettivo fondamentale. Non avevo previsto tanti infortuni gravi&#8221;<\/p>\n<p class=\"paragraph\" spellcheck=\"true\">Il Napoli da Pisa si porta due notizie: la qualificazione alla prossima Champions League e la decisione di Antonio Conte sul proprio futuro, che \u00e8 stata presa ma non \u00e8 stata annunciata. \u00c8 proprio l\u2019allenatore, infatti, a dichiarare di aver gi\u00e0 avuto un confronto con Aurelio De Laurentiis nelle scorse settimane e di essere in attesa della risposta. \u201cIl club sta gi\u00e0 lavorando per il futuro, aspettiamo l&#8217;ultima partita e poi insieme al presidente diremo ci\u00f2 che \u00e8 stato partorito. Ho gi\u00e0 esposto il mio pensiero al presidente e le mie intenzioni\u201d ha spiegato il tecnico al termine della gara. In conferenza stampa \u00e8 stata ribadita la possibilit\u00e0 che si possa essere ai saluti. &#8220;Ho promesso che quando la mia esperienza finir\u00e0 lascer\u00f2 un gruppo solido per dare fastidio a Milan, Juve e Inter, che partono sempre un metro avanti. Se il Napoli d\u00e0 fastidio ogni anno e riesce a spodestare un anno s\u00ec e un no sarebbe grande cosa. Il presidente sa benissimo il mio pensiero da un mese, le cose positive e quelle che mi sono piaciute meno. \u00c8 giusto fare chiarezza con lui, sar\u00f2 sempre grato a prescindere da cosa succeder\u00e0 l\u2019anno prossimo. Mi ha dato la possibilit\u00e0 di vivere in un ambiente come Napoli e festeggiare. Mi hanno sempre detto che quando vinci a Napoli \u00e8 come farlo dieci volte in un altro club\u201d.<\/p>\n<p class=\"paragraph\" spellcheck=\"true\">A breve servizio completo<\/p>\n","protected":false},"excerpt":{"rendered":"L&#8217;allenatore dopo la qualificazione assicurata: &#8220;\u00c8 stata un\u2019annata complessa, ma siamo vivi e abbiamo centrato l\u2019obiettivo fondamentale. Non&hellip;\n","protected":false},"author":3,"featured_media":494888,"comment_status":"","ping_status":"","sticky":false,"template":"","format":"standard","meta":{"footnotes":"","_share_on_mastodon":"0"},"categories":[1452],"tags":[2983,274829,274830,1960,721,554,2790,37644,1740,2628,1537,90,89,248,21720,7901,135,274828,4285,1739,245,244],"class_list":["post-494887","post","type-post","status-publish","format-standard","has-post-thumbnail","category-calcio","tag-addio","tag-addio-comunicato","tag-addio-comunicato-presidente","tag-allenatore","tag-calcio","tag-club","tag-conte","tag-fastidio","tag-football","tag-intenzioni","tag-it","tag-italia","tag-italy","tag-napoli","tag-pensiero","tag-possibilita","tag-presidente","tag-presidente-intenzioni","tag-qualificazione","tag-soccer","tag-sport","tag-sports"],"share_on_mastodon":{"url":"https:\/\/pubeurope.com\/@it\/116590376868746120","error":""},"_links":{"self":[{"href":"https:\/\/www.europesays.com\/it\/wp-json\/wp\/v2\/posts\/494887","targetHints":{"allow":["GET"]}}],"collection":[{"href":"https:\/\/www.europesays.com\/it\/wp-json\/wp\/v2\/posts"}],"about":[{"href":"https:\/\/www.europesays.com\/it\/wp-json\/wp\/v2\/types\/post"}],"author":[{"embeddable":true,"href":"https:\/\/www.europesays.com\/it\/wp-json\/wp\/v2\/users\/3"}],"replies":[{"embeddable":true,"href":"https:\/\/www.europesays.com\/it\/wp-json\/wp\/v2\/comments?post=494887"}],"version-history":[{"count":0,"href":"https:\/\/www.europesays.com\/it\/wp-json\/wp\/v2\/posts\/494887\/revisions"}],"wp:featuredmedia":[{"embeddable":true,"href":"https:\/\/www.europesays.com\/it\/wp-json\/wp\/v2\/media\/494888"}],"wp:attachment":[{"href":"https:\/\/www.europesays.com\/it\/wp-json\/wp\/v2\/media?parent=494887"}],"wp:term":[{"taxonomy":"category","embeddable":true,"href":"https:\/\/www.europesays.com\/it\/wp-json\/wp\/v2\/categories?post=494887"},{"taxonomy":"post_tag","embeddable":true,"href":"https:\/\/www.europesays.com\/it\/wp-json\/wp\/v2\/tags?post=494887"}],"curies":[{"name":"wp","href":"https:\/\/api.w.org\/{rel}","templated":true}]}}