{"id":495257,"date":"2026-05-17T19:56:16","date_gmt":"2026-05-17T19:56:16","guid":{"rendered":"https:\/\/www.europesays.com\/it\/495257\/"},"modified":"2026-05-17T19:56:16","modified_gmt":"2026-05-17T19:56:16","slug":"hantavirus-paure-irreali-e-veri-rischi-psicologici","status":"publish","type":"post","link":"https:\/\/www.europesays.com\/it\/495257\/","title":{"rendered":"Hantavirus, paure irreali e veri rischi psicologici"},"content":{"rendered":"<p>Diciamolo con onest\u00e0 intellettuale, la <strong>paura fa audience<\/strong>. In un <strong>mondo dominato dai clic<\/strong>, la <strong>serenit\u00e0 \u00e8 una \u2018merce\u2019<\/strong> che non produce traffico. Un titolo che recita \u00ab<strong>Nessun rischio concreto<\/strong>\u00bb attira infinitamente meno l\u2019attenzione di uno che urla al \u00ab<strong>Nuovo virus letale che corre tra gli uomini<\/strong>\u00bb. \u00c8 una <strong>regola editoriale cinica<\/strong>, ma oggi pi\u00f9 che mai rischia di diventare pericolosa. Soprattutto in questi giorni dominati dall\u2019<strong>informazione sull\u2019Hantavirus<\/strong>, ultimo protagonista di questa narrazione, ribattezzato da alcuni sciagurati il <strong>virus della paura<\/strong>.<\/p>\n<p>Tuttavia, come ci ha spiegato anche <strong>Claudia Balotta<\/strong>, l\u2019infettivologa cremonese che insieme al suo team ha <strong>isolato per prima il virus del Covid-19 in Italia<\/strong>, \u00e8 fondamentale fermarsi e analizzare la situazione con la lente della <strong>razionalit\u00e0<\/strong>, distinguendo tra il <strong>pericolo reale e quello immaginato<\/strong> da una societ\u00e0 ancora profondamente segnata dal <strong>trauma collettivo del Covid-19<\/strong>. \u00ab<strong>La paura ha creato gli dei<\/strong>\u00bb, scriveva Tito Lucrezio Caro, intuendo con due millenni di anticipo come il timore dell\u2019ignoto sia in grado di plasmare la realt\u00e0, costruire miti e, purtroppo, alimentare mostri. Oggi, nel <strong>maggio del 2026<\/strong>, quegli dei hanno assunto le sembianze di <strong>titoli allarmistici<\/strong> e <strong>notifiche push<\/strong>, cio\u00e8 l\u2019invio automatico di informazioni via web senza che l\u2019utente ne abbia fatto richiesta, che lampeggiano sui nostri smartphone.<\/p>\n<p>I casi di <strong>Hantavirus<\/strong> e le conseguenti reazioni psicologiche vedono la <strong>paura collettiva prevalere sulla reale minaccia sanitaria<\/strong>. Sebbene l&#8217;<strong>Organizzazione Mondiale della Sanit\u00e0<\/strong> consideri il <strong>rischio di pandemia globale molto basso<\/strong> a causa delle <strong>modalit\u00e0 di trasmissione legate ai roditori<\/strong>, il <strong>ricordo del Covid-19 alimenta una forte ansia<\/strong>.<\/p>\n<p><strong>Certo sensazionalismo<\/strong>, spinto soprattutto attraverso i <strong>nuovi media<\/strong>, rischia di trasformare un focolaio isolato in un <strong>allarme sociale<\/strong>, ignorando le <strong>rassicurazioni istituzionali<\/strong> e la <strong>reale natura scientifica del virus<\/strong>. \u00c8 evidente a questo punto riflettere sulla <strong>necessit\u00e0 di una comunicazione responsabile<\/strong> per evitare che il panico e il monitoraggio ossessivo dei sintomi prendano il sopravvento sulla realt\u00e0 dei fatti. Vediamoli, in breve sintesi, questi fatti.<\/p>\n<p>La mappa del mondo, nonostante i focolai segnalati su una nave da crociera o in singoli Paesi, rimane quasi del tutto vuota: <strong>11 casi segnalati, di cui otto confermati e tre decessi<\/strong>.<\/p>\n<p>In Italia, la situazione \u00e8 definita dalle autorit\u00e0 sanitarie di <strong>\u00abassoluta tranquillit\u00e0\u00bb<\/strong>. Le persone entrate in contatto con soggetti infetti sono oggetto di <strong>sorveglianza attiva puramente precauzionale<\/strong>. Come ha ribadito l\u2019assessore regionale lombardo alla Sanit\u00e0, Guido Bertolaso, il <strong>sistema \u00e8 sotto controllo<\/strong> e segue <strong>protocolli gi\u00e0 rodati<\/strong>. Per disinnescare la paura, \u00e8 essenziale capire con cosa abbiamo effettivamente a che fare. <strong>L\u2019Hantavirus non \u00e8 il Covid-19<\/strong>.<\/p>\n<p>La sua <strong>trasmissione principale avviene dall\u2019animale all\u2019uomo<\/strong>, in particolare attraverso il contatto con urina, saliva o escrementi di roditori infetti. La <strong>trasmissione da uomo a uomo \u00e8 estremamente limitata<\/strong> e legata a contatti molto stretti; <strong>non \u00e8 un virus che si contrae semplicemente incrociando qualcuno che tossisce al supermercato<\/strong>.<\/p>\n<p>L\u2019incubazione va da <strong>una a otto settimane<\/strong>, i sintomi iniziali sono <strong>febbre, forti dolori muscolari, mal di testa, nausea e vomito<\/strong>. Il virus <strong>colpisce le cellule dei vasi sanguigni endoteliali<\/strong>, rendendoli pi\u00f9 permeabili. Questo pu\u00f2 portare a un accumulo di liquido nei polmoni con <strong>edema<\/strong>. Nonostante la severit\u00e0 delle possibili varianti, la scienza sta facendo passi avanti: studi indicano che farmaci come la <strong>Rapamicina<\/strong> potrebbero aiutare a stabilizzare i vasi sanguigni, sebbene siano necessari ulteriori dati clinici.<\/p>\n<p><strong>Maneggiare correttamente le informazioni \u00e8 parte della prevenzione sociale<\/strong>. E lo si pu\u00f2 fare affidandosi a <strong>fonti ufficiali<\/strong>, seguendo le indicazioni del <strong>Ministero della Salute o dell\u2019Oms<\/strong>. L\u2019esposizione costante a notizie allarmistiche alimenta l\u2019<strong>ansia anticipatoria<\/strong>, creando una percezione del rischio superiore alla realt\u00e0.<\/p>\n<p>Si tratta, come spiegano gli specialisti, di una forma di <strong>disagio psicologico<\/strong> legata all\u2019aspettativa di eventi futuri negativi o catastrofici. Si manifesta molto prima delle circostanze temute ed \u00e8 alimentata spesso da <strong>esperienze passate traumatiche<\/strong>, come il ricordo della pandemia di Covid-19. Chi ne soffre vive una <strong>tensione emotiva costante<\/strong> e tende a monitorare ossessivamente il proprio corpo, scambiando sintomi influenzali comuni per segnali di un pericolo reale. Questa condizione trasforma l\u2019incertezza in minaccia, portando la mente a vivere scenari immaginari come se fossero gi\u00e0 realt\u00e0, rendendo difficile il controllo emotivo e la concentrazione. Con il conseguente rischio di trasformarsi in <strong>moltiplicatori di paure<\/strong> nel momento delle proprie, inevitabili e quotidiane, relazioni sociali.<\/p>\n<p><strong>Maneggiare le parole con responsabilit\u00e0<\/strong> significa riconoscere che il linguaggio ha il potere di costruire o distruggere, ferire o guarire, e che ogni espressione porta con s\u00e9 conseguenze. Nell\u2019era della comunicazione rapida e spesso sconsiderata, scegliere le parole giuste non \u00e8 un atto di debolezza, ma di <strong>sensibilit\u00e0 e rispetto<\/strong> verso l\u2019interlocutore.<\/p>\n<p><strong>Adottare una responsabilit\u00e0 comunicazionale<\/strong>, sia sui media che nella vita quotidiana di ognuno di noi, significa prendersi cura delle proprie espressioni, specialmente in contesti fragili o complessi, per promuovere un dialogo costruttivo e rispettoso. E soprattutto legato alla realt\u00e0 dei fatti.<\/p>\n<p>Il rischio \u00e8 anche quello paventato dal filosofo e sociologo tedesco Thoedor Adorno in una delle sue opere pi\u00f9 note, \u2018Minima Moralia, meditazioni della vita offesa\u2019: <strong>\u00abQuel che temiamo pi\u00f9 di ogni cosa, ha una proterva tendenza a succedere realmente\u00bb<\/strong>. Un rischio che, stando alle considerazioni degli scienziati, nel caso dell\u2019Hantavirus non si dovrebbe correre.<\/p>\n<p>Pi\u00f9 significativo \u00e8 il fatto delle conseguenze che l\u2019insorgere di una fobia genera nell\u2019equilibrio di ognuno di noi. Un\u2019ossessione che induce a vivere in uno stato mentale in cui la mania diventa un <strong>pensiero fisso, intrusivo e incontrollabile<\/strong>. Una condizione dolorosa che, in casi estremi porta all\u2019annullamento della propria vita sociale e personale.\u00a0<strong>Non assegniamo tanto potere su di noi a un virus conosciuto da tempo e contro il quale esistono adeguati protocolli<\/strong>. <strong>Non diamogliela vinta.<\/strong><\/p>\n<p>    <a href=\"https:\/\/www.laprovinciacr.it\/news\/il-punto\/577089\/la-via-crucis-dei-presidi-perduti-da-cremona.html\" class=\"vc_cont_image\" rel=\"nofollow noopener\" target=\"_blank\"><img decoding=\"async\" class=\"vc_image\" src=\"https:\/\/www.europesays.com\/it\/wp-content\/uploads\/2026\/05\/IL_PUNTO(38)-1778337686030.jpg--la_via_crucis_dei_presidi_perduti_da_cremona.jpg\"\/><\/a><\/p>\n","protected":false},"excerpt":{"rendered":"Diciamolo con onest\u00e0 intellettuale, la paura fa audience. In un mondo dominato dai clic, la serenit\u00e0 \u00e8 una&hellip;\n","protected":false},"author":3,"featured_media":495258,"comment_status":"","ping_status":"","sticky":false,"template":"","format":"standard","meta":{"footnotes":"","_share_on_mastodon":"0"},"categories":[175],"tags":[273712,4088,40762,263789,239,1537,90,89,16451,810,274932,240,274931,274930],"class_list":["post-495257","post","type-post","status-publish","format-standard","has-post-thumbnail","category-salute","tag-claudia-balotta","tag-covid-19","tag-guido-bertolaso","tag-hantavirus","tag-health","tag-it","tag-italia","tag-italy","tag-ministero-della-salute","tag-oms","tag-rapamicina","tag-salute","tag-thoedor-adorno","tag-tito-lucrezio-caro"],"share_on_mastodon":{"url":"https:\/\/pubeurope.com\/@it\/116591682921550040","error":""},"_links":{"self":[{"href":"https:\/\/www.europesays.com\/it\/wp-json\/wp\/v2\/posts\/495257","targetHints":{"allow":["GET"]}}],"collection":[{"href":"https:\/\/www.europesays.com\/it\/wp-json\/wp\/v2\/posts"}],"about":[{"href":"https:\/\/www.europesays.com\/it\/wp-json\/wp\/v2\/types\/post"}],"author":[{"embeddable":true,"href":"https:\/\/www.europesays.com\/it\/wp-json\/wp\/v2\/users\/3"}],"replies":[{"embeddable":true,"href":"https:\/\/www.europesays.com\/it\/wp-json\/wp\/v2\/comments?post=495257"}],"version-history":[{"count":0,"href":"https:\/\/www.europesays.com\/it\/wp-json\/wp\/v2\/posts\/495257\/revisions"}],"wp:featuredmedia":[{"embeddable":true,"href":"https:\/\/www.europesays.com\/it\/wp-json\/wp\/v2\/media\/495258"}],"wp:attachment":[{"href":"https:\/\/www.europesays.com\/it\/wp-json\/wp\/v2\/media?parent=495257"}],"wp:term":[{"taxonomy":"category","embeddable":true,"href":"https:\/\/www.europesays.com\/it\/wp-json\/wp\/v2\/categories?post=495257"},{"taxonomy":"post_tag","embeddable":true,"href":"https:\/\/www.europesays.com\/it\/wp-json\/wp\/v2\/tags?post=495257"}],"curies":[{"name":"wp","href":"https:\/\/api.w.org\/{rel}","templated":true}]}}