{"id":495372,"date":"2026-05-17T21:38:14","date_gmt":"2026-05-17T21:38:14","guid":{"rendered":"https:\/\/www.europesays.com\/it\/495372\/"},"modified":"2026-05-17T21:38:14","modified_gmt":"2026-05-17T21:38:14","slug":"laquila-lutto-in-citta-e-morto-larchitetto-giuseppe-chiarizia","status":"publish","type":"post","link":"https:\/\/www.europesays.com\/it\/495372\/","title":{"rendered":"L&#8217;Aquila: lutto in citt\u00e0, \u00e8 morto l&#8217;architetto Giuseppe Chiarizia"},"content":{"rendered":"<p>L\u2019Aquila piange l\u2019architetto <strong>Giuseppe Chiarizia<\/strong>, scomparso all\u2019et\u00e0 di 88 anni. <\/p>\n<p>Iscritto prima a Napoli e poi all\u2019albo degli architetti pianificatori paesaggisti e conservatori della provincia dell\u2019Aquila dal 1980, si era laureato a Firenze e abilitato all\u2019esercizio della professione nel 1970.<\/p>\n<p>\u00abTutti lo ricordano per il suo importante contributo alla cultura delle fortificazioni e del Medioevo, su cui ebbe modo di lasciare una notevole quantit\u00e0 di pubblicazioni di alta qualit\u00e0, anche in seno alla sua attivit\u00e0 nell\u2019Associazione italiana dei Castelli \u2013 afferma il presidente dell\u2019Ordine degli architetti dell\u2019Aquila <strong>Luca Carosi <\/strong>nel suo messaggio di cordoglio \u2013 Voglio ricordare l\u2019amico Pino, uomo di altri tempi per forma e sostanza, era sempre piacevole parlare con lui, di una molteplicit\u00e0 di argomenti, da Lui si apprendeva sempre. Dopo il terremoto qualcosa si era incrinato e negli ultimi anni, ci sono state sempre meno occasioni per scambiare idee. Il consiglio dell\u2019Ordine stava organizzando un momento d\u2019incontro con la memoria della nostra Professione, ma Pino non ci ha aspettato, \u00e8 andato avanti. Il mondo dell\u2019Architettura e della Conservazione porter\u00e0 il peso della Sua perdita, e spero che questa consapevolezza ci aiuti a commettere meno errori. Il Presidente dell\u2019Ordine degli Architetti della Provincia dell\u2019Aquila.  A nome dell\u2019intero Consiglio dell\u2019Ordine e mio personale, porgo le pi\u00f9 sincere condoglianze alla sua famiglia ed a quanti gli hanno voluto bene\u00bb.<\/p>\n<p>\u00abCon profonda tristezza apprendo della scomparsa dell\u2019architetto Pino Chiarizia. Ho avuto l\u2019onore di conoscerlo personalmente e di collaborare con lui partecipando a incontri e convegni dedicati ai castelli aquilani, ambito nel quale le sue pubblicazioni hanno rappresentato un punto di riferimento fondamentale per studiosi, amministratori e appassionati\u00bb, afferma la consigliera comunale <strong>Stefania Pezzopane. <\/strong><\/p>\n<p>\u00abIl suo contributo ad opere \u00a0come \u201cAbruzzo dei castelli\u201d, \u201cAtlante dei castelli d\u2019Abruzzo\u201d e \u201cCastelli d\u2019Abruzzo\u201d rester\u00e0 un riferimento imprescindibile per la conoscenza e la valorizzazione del patrimonio storico e architettonico della nostra terra, testimonianza concreta della sua competenza, del suo amore per il territorio e della sua instancabile attivit\u00e0 di ricerca \u2013 prosegue la Pezzopane nella sua nota di cordoglio- Da assessore regionale all\u2019Urbanistica e da presidente della Provincia dell\u2019Aquila, ho trovato in lui uno stimolo costante e un autorevole riferimento per tante iniziative dedicate alla tutela, alla valorizzazione e alla promozione del patrimonio culturale abruzzese. Collaborare con lui \u00e8 stato motivo di crescita umana e professionale, oltre che un privilegio sincero. Rimarranno la sua competenza, la generosit\u00e0 nel condividere sapere e l\u2019autentica passione per la storia e l\u2019architettura. Alla sua famiglia e a quanti gli hanno voluto bene rivolgo le pi\u00f9 sentite condoglianze, unendomi con riconoscenza al ricordo di una figura che lascia un segno prezioso nella cultura abruzzese\u00bb.<\/p>\n","protected":false},"excerpt":{"rendered":"L\u2019Aquila piange l\u2019architetto Giuseppe Chiarizia, scomparso all\u2019et\u00e0 di 88 anni. Iscritto prima a Napoli e poi all\u2019albo degli&hellip;\n","protected":false},"author":3,"featured_media":495373,"comment_status":"","ping_status":"","sticky":false,"template":"","format":"standard","meta":{"footnotes":"","_share_on_mastodon":"0"},"categories":[1446],"tags":[1361,1615,1613,1614,1611,1610,1612,203,275008,204,1537,90,89,31770,275009],"class_list":["post-495372","post","type-post","status-publish","format-standard","has-post-thumbnail","category-arte-e-design","tag-architetto","tag-arte","tag-arte-e-design","tag-arteedesign","tag-arts","tag-arts-and-design","tag-design","tag-entertainment","tag-giuseppe-chiarizia","tag-intrattenimento","tag-it","tag-italia","tag-italy","tag-laquila","tag-luca-carosi"],"share_on_mastodon":{"url":"https:\/\/pubeurope.com\/@it\/116592083431974354","error":""},"_links":{"self":[{"href":"https:\/\/www.europesays.com\/it\/wp-json\/wp\/v2\/posts\/495372","targetHints":{"allow":["GET"]}}],"collection":[{"href":"https:\/\/www.europesays.com\/it\/wp-json\/wp\/v2\/posts"}],"about":[{"href":"https:\/\/www.europesays.com\/it\/wp-json\/wp\/v2\/types\/post"}],"author":[{"embeddable":true,"href":"https:\/\/www.europesays.com\/it\/wp-json\/wp\/v2\/users\/3"}],"replies":[{"embeddable":true,"href":"https:\/\/www.europesays.com\/it\/wp-json\/wp\/v2\/comments?post=495372"}],"version-history":[{"count":0,"href":"https:\/\/www.europesays.com\/it\/wp-json\/wp\/v2\/posts\/495372\/revisions"}],"wp:featuredmedia":[{"embeddable":true,"href":"https:\/\/www.europesays.com\/it\/wp-json\/wp\/v2\/media\/495373"}],"wp:attachment":[{"href":"https:\/\/www.europesays.com\/it\/wp-json\/wp\/v2\/media?parent=495372"}],"wp:term":[{"taxonomy":"category","embeddable":true,"href":"https:\/\/www.europesays.com\/it\/wp-json\/wp\/v2\/categories?post=495372"},{"taxonomy":"post_tag","embeddable":true,"href":"https:\/\/www.europesays.com\/it\/wp-json\/wp\/v2\/tags?post=495372"}],"curies":[{"name":"wp","href":"https:\/\/api.w.org\/{rel}","templated":true}]}}