{"id":495401,"date":"2026-05-17T22:07:12","date_gmt":"2026-05-17T22:07:12","guid":{"rendered":"https:\/\/www.europesays.com\/it\/495401\/"},"modified":"2026-05-17T22:07:12","modified_gmt":"2026-05-17T22:07:12","slug":"chanel-totti-dopo-pechino-express-basta-tv-il-momento-piu-duro-il-divorzio-dei-miei-mamma-e-papa-sono-felici-per-me","status":"publish","type":"post","link":"https:\/\/www.europesays.com\/it\/495401\/","title":{"rendered":"Chanel Totti: \u00abDopo Pechino Express basta tv. Il momento pi\u00f9 duro? Il divorzio dei miei. Mamma e pap\u00e0 sono felici per me\u00bb"},"content":{"rendered":"<p>La &#8220;raccomandata&#8221; alla fine ce l&#8217;ha fatta, e ha vinto. <a href=\"https:\/\/www.ilmessaggero.it\/t\/chanel-totti\" rel=\"nofollow noopener\" target=\"_blank\">Chanel Totti<\/a>, in coppia con l&#8217;amico Filippo Laurino, figlio dell&#8217;agente di <a href=\"https:\/\/www.ilmessaggero.it\/t\/ilary-blasi\" rel=\"nofollow noopener\" target=\"_blank\">Ilary Blasi<\/a>, Grazia Lopedota, ha conquistato <strong>Pechino Express, incoronata dopo l&#8217;esibizione di alcune ballerine giapponesi che lei ha paragonato agli <a href=\"https:\/\/www.ilmessaggero.it\/t\/umpa-lumpa\" rel=\"nofollow noopener\" target=\"_blank\">Umpa Lumpa<\/a> della Fabbrica di cioccolato<\/strong>. In seconda posizione, alla fine di un percorso lungo oltre <strong>cinquemila chilometri, dall&#8217;Indonesia alla Cina fino in Giappone<\/strong>, sono arrivate &#8220;Le Dj&#8221; <a href=\"https:\/\/www.ilmessaggero.it\/t\/jo-squillo\" rel=\"nofollow noopener\" target=\"_blank\">Jo Squillo<\/a> e Michelle Masullo, seguite dai &#8220;Veloci&#8221; <a href=\"https:\/\/www.ilmessaggero.it\/t\/fiona-may\" rel=\"nofollow noopener\" target=\"_blank\">Fiona May<\/a> e <a href=\"https:\/\/www.ilmessaggero.it\/t\/patrick-stevens\" rel=\"nofollow noopener\" target=\"_blank\">Patrick Stevens<\/a>.<\/p>\n<p>Del programma di Sky, i due &#8220;Raccomandati&#8221; erano i pi\u00f9 giovani. Lui ha <strong>23 anni, lei ha compiuto i 19 il 13 maggio<\/strong>, \u00abe li ho festeggiati con una serata di sole ragazze, perch\u00e9 ci si diverte di pi\u00f9\u00bb.<\/p>\n<p>Le difficolt\u00e0 <\/p>\n<p>Un buon modo per riprendersi da un viaggio s\u00ec \u00abbellissimo\u00bb ma che Chanel non ha la minima intenzione di rifare. Anche perch\u00e9 <strong>momenti difficili ce ne sono stati diversi<\/strong>. Uno \u00e8 stato il <strong>lancio dalla torre di Osaka, alta 103 metri<\/strong>, dove Chanel si \u00e8 buttata sentendosi \u00abuna salsiccia appesa\u00bb. In realt\u00e0, per\u00f2, \u00abanche se l\u00ec ho avuto paura, il momento pi\u00f9 difficile \u00e8 stato in Cina: ci hanno dato il malus e ho dovuto rifare <strong>quattro volte una scalinata che non finiva mai<\/strong>\u00bb.<\/p>\n<p>I genitori <\/p>\n<p>Niente a che vedere, tuttavia, con il <strong>momento pi\u00f9 duro attraversato nella vita, \u00abil divorzio dei miei genitori, una sofferenza che adesso per fortuna \u00e8 finita\u00bb<\/strong>. Il rapporto con entrambi \u00e8 comunque rimasto forte. Pap\u00e0 Totti \u00abmi ha vista in tv ed \u00e8 stato molto felice della vittoria\u00bb. Mamma Ilary anche, con in pi\u00f9 il fatto che durante la gara aveva fatto arrivare a Chanel un messaggio speciale. Mentre erano in Cina, a tutti i concorrenti \u00e8 stato infatti recapitato un video dall&#8217;Italia. In quello della Blasi, lei incoraggia Chanel, aggiungendo che a casa senza la figlia non si sta poi cos\u00ec male \u00abSono super contenta del messaggio di mamma, mi ha dato una grinta in pi\u00f9 in un momento difficile\u00bb, ricorda la ragazza.<\/p>\n<p>Le madri dei Raccomandati racconta Filippo \u00absono tutte e due simpatiche e toste\u00bb. \u00abMa ti bacchettano anche aggiunge Chanel e non hanno peli sulla lingua. A dir la verit\u00e0 mia mamma, pi\u00f9 che per me, era preoccupata per lui: conosce il mio carattere e aveva paura delle litigate, perch\u00e9 io mi innervosisco facilmente\u00bb.<\/p>\n<p>Di litigate, in effetti, ce ne sono state diverse. Ma sono sempre finite nel giro di pochi minuti, anche perch\u00e9 <strong>Filippo il pi\u00f9 competitivo e motivato ad andare avanti era il primo a fare pace: \u00abBasta dirle che ha ragione e tutto va a posto\u00bb<\/strong>, spiega. Sempre a lui, toccava anche alzarsi per primo al mattino, accendendo le luci e aprendo le tende mentre Chanel che si definisce alquanto pigra brontolava e faceva finta di niente.<\/p>\n<p>I sentimenti <\/p>\n<p>Amici da sempre, perfettamente assortiti in gara: non \u00e8 che i due Raccomandati potrebbero aver approfittato di Pechino Express per innamorarsi? <strong>Negano entrambi, convinti<\/strong>. Filippo perch\u00e9 \u00e8 fidanzato (e la fidanzata Chanel la conosce). Lei perch\u00e9 \u00abanche se adesso non sono fidanzata, lui lo vedo come amico da tanto tempo, ormai \u00e8 un fratello\u00bb.<\/p>\n<p>Restando in famiglia: a Chanel chi \u00e8 mancato di pi\u00f9 in questo mese di avventure? \u00ab<strong>La mia sorellina, verso di lei ho un grande senso di protezione, \u00e8 naturale, l&#8217;ho vista crescere<\/strong> (Isabel ha 10 anni, e la sorella le \u00e8 stata molto vicina durante il difficile periodo attraversato dai genitori, ndr). Quando sono tornata ci siamo abbracciate e baciate, poi mi ha dato un disegno che aveva fatto per me, che raffigura noi due insieme\u00bb.<\/p>\n<p>Dopo essersi definita in passato fredda e quasi anaffettiva, adesso la giovane Totti si \u00e8 forse ammorbidita? Macch\u00e9: \u00abDurante il programma, \u00e8 vero, ero diventata pi\u00f9 sensibile, ma era la prima volta che stavo lontana da casa e dalla famiglia, credo sia normale. <strong>Adesso per\u00f2 \u00e8 tornato tutto come prima<\/strong>\u00bb.<\/p>\n<p>I progetti <\/p>\n<p>Quindi, mentre Filippo, laureato in videodesign, ha ripreso il lavoro e non esclude un giorno di tornare in tv, <strong>Chanel riprende gli studi di comunicazione<\/strong>. L&#8217;esperienza \u00e8 stata bellissima, \u00absono orgogliosa di essere arrivata fino in fondo\u00bb, ma per ora la televisione pu\u00f2 attendere.<\/p>\n<p>Quello che non ha potuto attendere \u00e8 invece il piatto di tonno e insalata con cui la ragazza si \u00e8 rifatta di tutti gli insetti e altre bestie che si \u00e8 dovuta gustare in Pechino Express.<\/p>\n<p>&#13;<br \/>\n                                \u00a9 RIPRODUZIONE RISERVATA&#13;<\/p>\n<p>&#13;<\/p>\n<p>\n                            Il punto serale sulle notizie del giorno<br \/>\n                            <b>Iscriviti<\/b> e ricevi le notizie via email\n                        <\/p>\n","protected":false},"excerpt":{"rendered":"La &#8220;raccomandata&#8221; alla fine ce l&#8217;ha fatta, e ha vinto. Chanel Totti, in coppia con l&#8217;amico Filippo Laurino,&hellip;\n","protected":false},"author":3,"featured_media":495402,"comment_status":"","ping_status":"","sticky":false,"template":"","format":"standard","meta":{"footnotes":"","_share_on_mastodon":"0"},"categories":[1444],"tags":[203,89951,217,204,1537,90,89,56493,89952,253,275011],"class_list":["post-495401","post","type-post","status-publish","format-standard","has-post-thumbnail","category-tv","tag-entertainment","tag-fiona-may","tag-ilary-blasi","tag-intrattenimento","tag-it","tag-italia","tag-italy","tag-jo-squillo","tag-patrick-stevens","tag-tv","tag-umpa-lumpa"],"share_on_mastodon":{"url":"https:\/\/pubeurope.com\/@it\/116592197424321303","error":""},"_links":{"self":[{"href":"https:\/\/www.europesays.com\/it\/wp-json\/wp\/v2\/posts\/495401","targetHints":{"allow":["GET"]}}],"collection":[{"href":"https:\/\/www.europesays.com\/it\/wp-json\/wp\/v2\/posts"}],"about":[{"href":"https:\/\/www.europesays.com\/it\/wp-json\/wp\/v2\/types\/post"}],"author":[{"embeddable":true,"href":"https:\/\/www.europesays.com\/it\/wp-json\/wp\/v2\/users\/3"}],"replies":[{"embeddable":true,"href":"https:\/\/www.europesays.com\/it\/wp-json\/wp\/v2\/comments?post=495401"}],"version-history":[{"count":0,"href":"https:\/\/www.europesays.com\/it\/wp-json\/wp\/v2\/posts\/495401\/revisions"}],"wp:featuredmedia":[{"embeddable":true,"href":"https:\/\/www.europesays.com\/it\/wp-json\/wp\/v2\/media\/495402"}],"wp:attachment":[{"href":"https:\/\/www.europesays.com\/it\/wp-json\/wp\/v2\/media?parent=495401"}],"wp:term":[{"taxonomy":"category","embeddable":true,"href":"https:\/\/www.europesays.com\/it\/wp-json\/wp\/v2\/categories?post=495401"},{"taxonomy":"post_tag","embeddable":true,"href":"https:\/\/www.europesays.com\/it\/wp-json\/wp\/v2\/tags?post=495401"}],"curies":[{"name":"wp","href":"https:\/\/api.w.org\/{rel}","templated":true}]}}