{"id":495502,"date":"2026-05-17T23:33:10","date_gmt":"2026-05-17T23:33:10","guid":{"rendered":"https:\/\/www.europesays.com\/it\/495502\/"},"modified":"2026-05-17T23:33:10","modified_gmt":"2026-05-17T23:33:10","slug":"oroscopo-lunedi-18-maggio-acquario-coinvolto-vergine-cambia-le-regole-gemelli-vivace","status":"publish","type":"post","link":"https:\/\/www.europesays.com\/it\/495502\/","title":{"rendered":"Oroscopo luned\u00ec 18 maggio: Acquario coinvolto, Vergine cambia le regole, Gemelli vivace"},"content":{"rendered":"<p>                L&#8217;oroscopo di luned\u00ec 18 maggio di Luca Nicolaj.  Vergine, libert\u00e0 <\/p>\n<p>La settimana inizia a tutta velocit\u00e0, nel lavoro si fanno strada nuove idee che in qualche modo rivoluzionano il tuo approccio, spingendoti a cambiare e soprattutto a fare degli esperimenti per verificarne la fondatezza. Sei entrato in una stagione diversa e questo significa che anche le leggi che la regolano sono altre e diventa necessario adeguare i tuoi comportamenti. Adesso la parola d\u2019ordine che ti guida e ispira \u00e8 indipendenza.<\/p>\n<p>  Mantra del giorno <\/p>\n<p>Cambiando le regole il senso cambia.<\/p>\n","protected":false},"excerpt":{"rendered":"L&#8217;oroscopo di luned\u00ec 18 maggio di Luca Nicolaj. Vergine, libert\u00e0 La settimana inizia a tutta velocit\u00e0, nel lavoro&hellip;\n","protected":false},"author":3,"featured_media":495503,"comment_status":"","ping_status":"","sticky":false,"template":"","format":"standard","meta":{"footnotes":"","_share_on_mastodon":"0"},"categories":[174],"tags":[275074,203,204,1537,90,89,2660,1712],"class_list":["post-495502","post","type-post","status-publish","format-standard","has-post-thumbnail","category-intrattenimento","tag-18-maggio","tag-entertainment","tag-intrattenimento","tag-it","tag-italia","tag-italy","tag-oroscopo","tag-oroscopo-oggi"],"share_on_mastodon":{"url":"https:\/\/pubeurope.com\/@it\/116592535648220965","error":""},"_links":{"self":[{"href":"https:\/\/www.europesays.com\/it\/wp-json\/wp\/v2\/posts\/495502","targetHints":{"allow":["GET"]}}],"collection":[{"href":"https:\/\/www.europesays.com\/it\/wp-json\/wp\/v2\/posts"}],"about":[{"href":"https:\/\/www.europesays.com\/it\/wp-json\/wp\/v2\/types\/post"}],"author":[{"embeddable":true,"href":"https:\/\/www.europesays.com\/it\/wp-json\/wp\/v2\/users\/3"}],"replies":[{"embeddable":true,"href":"https:\/\/www.europesays.com\/it\/wp-json\/wp\/v2\/comments?post=495502"}],"version-history":[{"count":0,"href":"https:\/\/www.europesays.com\/it\/wp-json\/wp\/v2\/posts\/495502\/revisions"}],"wp:featuredmedia":[{"embeddable":true,"href":"https:\/\/www.europesays.com\/it\/wp-json\/wp\/v2\/media\/495503"}],"wp:attachment":[{"href":"https:\/\/www.europesays.com\/it\/wp-json\/wp\/v2\/media?parent=495502"}],"wp:term":[{"taxonomy":"category","embeddable":true,"href":"https:\/\/www.europesays.com\/it\/wp-json\/wp\/v2\/categories?post=495502"},{"taxonomy":"post_tag","embeddable":true,"href":"https:\/\/www.europesays.com\/it\/wp-json\/wp\/v2\/tags?post=495502"}],"curies":[{"name":"wp","href":"https:\/\/api.w.org\/{rel}","templated":true}]}}