{"id":496335,"date":"2026-05-18T13:51:18","date_gmt":"2026-05-18T13:51:18","guid":{"rendered":"https:\/\/www.europesays.com\/it\/496335\/"},"modified":"2026-05-18T13:51:18","modified_gmt":"2026-05-18T13:51:18","slug":"milan-allegri-parte-i-retroscena-e-le-garanzie-chieste-a-cardinale","status":"publish","type":"post","link":"https:\/\/www.europesays.com\/it\/496335\/","title":{"rendered":"Milan, Allegri parte? I retroscena e le garanzie chieste a Cardinale"},"content":{"rendered":"<p>                                La vittoria di Genova avvicina i rossoneri alla Champions, il rinnovo automatico fino al 2028 \u00e8 a un passo, ma il tecnico vuole certezze tecniche e non solo<\/p>\n<p>            <a class=\"image is-50x50\" href=\"https:\/\/www.gazzetta.it\/redazione\/alessandra-gozzini\/\" rel=\"nofollow noopener\" target=\"_blank\"><br \/>\n                <img decoding=\"async\" class=\"is-rounded\" src=\"https:\/\/www.europesays.com\/it\/wp-content\/uploads\/2026\/04\/alessandra-gozzini_avatar.png\" alt=\"Alessandra Gozzini\"\/><br \/>\n            <\/a><\/p>\n<p>Giornalista<\/p>\n<p>                    18 maggio &#8211; 14:56  &#8211; MILANO<\/p>\n<p class=\"paragraph\" spellcheck=\"true\">Il sorriso a denti stretti, l\u2019abbraccio con il team manager Marangon e poi la corsa negli spogliatoi.  L&#8217;ultima domenica di Max Allegri \u00e8 racchiusa qui, in quei secondi finali di Marassi in cui ha liberato la tensione di novanta minuti e oltre. Una settimana intera in cui intorno al Milan si sono addensate nubi scure, a coprire il futuro del club e del progetto tecnico dello stesso Max.\u00a0<\/p>\n<p>    e ora?\u2014 \u00a0<\/p>\n<p class=\"paragraph is-inline\" spellcheck=\"true\"><a href=\"https:\/\/www.gazzetta.it\/Calcio\/Serie-A\/Milan\/17-05-2026\/genoa-milan-live-gol-risultato-diretta-serie-a.shtml?intcmp=hyperlink-articolo-gazit\" rel=\"nofollow noopener\" target=\"_blank\">Il successo di Genova<\/a> che ha notevolmente avvicinato i rossoneri al traguardo Champions, cambia le cose? Sicuro permette delle valutazioni pi\u00f9 serene, la grande Europa &#8211; detto anche da Allegri &#8211; \u00e8 vitale per il futuro sportivo ed economico della societ\u00e0. Ok, quindi tutto risolto? Non esattamente. Allegri \u00e8 stato autore di una stagione che ha visto il Milan scalare la classifica del campionato dall\u2019ottavo posto della stagione scorsa al terzo attuale: da confermare domenica prossima. Poi si apriranno le valutazioni finali, da cui dipenderanno organigramma e struttura tecnica della rosa del prossimo anno.\u00a0<\/p>\n<p><a class=\"is-partner-link\" href=\"https:\/\/abbonamenti.gazzetta.it\/doblete-inter-gplus-de-promo\/?pwcmp=cta&amp;forceBrowser=true\" rel=\"nofollow noopener\" target=\"_blank\">Inter Campione d\u2019Italia: abbonati alla Digital Edition + Poster Prima Pagina a 4,99\u20ac\/mese<\/a><\/p>\n<p>        garanzie\u2014 \u00a0<\/p>\n<p class=\"paragraph\" spellcheck=\"true\">Eccoci al punto: Max ha un contratto che con la qualificazione Champions si prolungher\u00e0 automaticamente fino all\u2019estate 2028 con ingaggio aumentato a sei milioni netti. Ma non basta: i soldi sono tanti, ma Allegri chiede soprattutto <a href=\"https:\/\/www.gazzetta.it\/Calcio\/Calciomercato\/Milan\/18-05-2026\/allegri-cardinale-milan-mercato.shtml?intcmp=hyperlink-articolo-gazit\" title=\"Allegri e l&#039;incontro con Cardinale: dalla struttura al mercato, cosa chiede per guidare un Milan da Champions\" rel=\"nofollow noopener\" target=\"_blank\">garanzie tecniche<\/a> che oggi non ha, o ha soltanto in parte. La prossima rosa dovr\u00e0 essere strutturata per affrontare il doppio impegno campionato-europeo e dovr\u00e0 essere una giusta combinazione di giovani e giocatori di spessore ed esperienza. Goretzka ma non solo. Max chiede rinforzi di spessore in ogni reparto. Se sar\u00e0 accontentato, rester\u00e0 per continuare il lavoro. Altrimenti si guarder\u00e0 intorno.<\/p>\n<p class=\"is-copyright\">\u00a9 RIPRODUZIONE RISERVATA<\/p>\n","protected":false},"excerpt":{"rendered":"La vittoria di Genova avvicina i rossoneri alla Champions, il rinnovo automatico fino al 2028 \u00e8 a un&hellip;\n","protected":false},"author":3,"featured_media":496336,"comment_status":"","ping_status":"","sticky":false,"template":"","format":"standard","meta":{"footnotes":"","_share_on_mastodon":"0"},"categories":[1452],"tags":[3076,721,1856,1969,475,1112,27587,1740,24793,14162,1537,90,89,3444,553,8159,5569,3094,1739,74683,245,244,577,38831,3375,47180],"class_list":["post-496335","post","type-post","status-publish","format-standard","has-post-thumbnail","category-calcio","tag-allegri","tag-calcio","tag-campionato","tag-champions","tag-chiede","tag-domenica","tag-finali","tag-football","tag-garanzie","tag-genova","tag-it","tag-italia","tag-italy","tag-max","tag-milan","tag-prossima","tag-rosa","tag-rossoneri","tag-soccer","tag-spessore","tag-sport","tag-sports","tag-stagione","tag-tecniche","tag-tecnico","tag-valutazioni"],"share_on_mastodon":{"url":"https:\/\/pubeurope.com\/@it\/116595910046147280","error":""},"_links":{"self":[{"href":"https:\/\/www.europesays.com\/it\/wp-json\/wp\/v2\/posts\/496335","targetHints":{"allow":["GET"]}}],"collection":[{"href":"https:\/\/www.europesays.com\/it\/wp-json\/wp\/v2\/posts"}],"about":[{"href":"https:\/\/www.europesays.com\/it\/wp-json\/wp\/v2\/types\/post"}],"author":[{"embeddable":true,"href":"https:\/\/www.europesays.com\/it\/wp-json\/wp\/v2\/users\/3"}],"replies":[{"embeddable":true,"href":"https:\/\/www.europesays.com\/it\/wp-json\/wp\/v2\/comments?post=496335"}],"version-history":[{"count":0,"href":"https:\/\/www.europesays.com\/it\/wp-json\/wp\/v2\/posts\/496335\/revisions"}],"wp:featuredmedia":[{"embeddable":true,"href":"https:\/\/www.europesays.com\/it\/wp-json\/wp\/v2\/media\/496336"}],"wp:attachment":[{"href":"https:\/\/www.europesays.com\/it\/wp-json\/wp\/v2\/media?parent=496335"}],"wp:term":[{"taxonomy":"category","embeddable":true,"href":"https:\/\/www.europesays.com\/it\/wp-json\/wp\/v2\/categories?post=496335"},{"taxonomy":"post_tag","embeddable":true,"href":"https:\/\/www.europesays.com\/it\/wp-json\/wp\/v2\/tags?post=496335"}],"curies":[{"name":"wp","href":"https:\/\/api.w.org\/{rel}","templated":true}]}}