{"id":496443,"date":"2026-05-18T15:19:16","date_gmt":"2026-05-18T15:19:16","guid":{"rendered":"https:\/\/www.europesays.com\/it\/496443\/"},"modified":"2026-05-18T15:19:16","modified_gmt":"2026-05-18T15:19:16","slug":"per-avatar-4-e-5-james-cameron-vuole-risparmiare-tempo-e-denaro-ma-non-sa-nemmeno-lui-come-fare","status":"publish","type":"post","link":"https:\/\/www.europesays.com\/it\/496443\/","title":{"rendered":"Per Avatar 4 e 5 James Cameron vuole risparmiare tempo e denaro (ma non sa nemmeno lui come fare)"},"content":{"rendered":"<p>Non \u00e8 chiaro se qualcuno li stia ancora aspettando con ansia ma all&#8217;appello mancano <strong>ancora <a href=\"https:\/\/www.wired.it\/article\/avatar-saga-continuera-con-altri-due-film-james-cameron\/\" target=\"_blank\" rel=\"nofollow noopener\">due film<\/a> di Avatar<\/strong>. La saga fantascientifico-ambientalista di <strong>James Cameron<\/strong>, campionissima di incassi fin dal primo capitolo del 2009, \u00e8 continuata tredici anni dopo con Avatar: Le vie dell&#8217;acqua e, ancora tre anni pi\u00f9 tardi (cio\u00e8 nel 2025) con <a href=\"https:\/\/www.wired.it\/article\/avatar-fuoco-e-cenere-james-cameron-cast-recensione\/\" target=\"_blank\" rel=\"nofollow noopener\">Avatar: Fuoco e cenere<\/a>. Eppure nelle idee originali del visionario regista ci sono altri due capitoli che porteranno a compimento <strong>l&#8217;intera avventura del pianeta Pandora<\/strong>, le cui vicende ecologiche e belliche sembrano sempre pi\u00f9 a quelle della nostra Terra. La questione che aleggia per\u00f2 ormai da tempo, soprattutto tra gli insider di Hollywood, \u00e8 una sola: riuscir\u00e0 Cameron a convincere Disney a mettere in cantiere queste ultime due pellicole <strong>cos\u00ec ambiziose e soprattutto cos\u00ec costose<\/strong>? Lo stesso regista, tuttavia, sembra avere qualche idea in merito.<\/p>\n<p>\u201cSto scrivendo un po&#8217; di cose. Ci sono un po&#8217; di progetti che sto \u2018cucinando\u2019\u201d, ha dichiarato Cameron nei giorni scorsi ai microfoni di The Empire Film Podcast, fornendo un update piuttosto interlocutorio sulla sua <strong>amatissima saga<\/strong>: \u201cAvatar 4 e 5 sono ancora l\u00e0 fuori che galleggiano. Stiamo valutando alcune nuove tecnologie per farli in modo pi\u00f9 efficiente\u201d. Al momento i prossimi due film sono previsti in uscita, rispettivamente, <strong>nel dicembre 2029 e dicembre 2031<\/strong> (22 anni dopo il primo titolo) ma non c&#8217;\u00e8 stata alcuna conferma ufficiale da parte di Disney su una loro release effettiva. La convinzione generale \u00e8 che la Casa di Topolino volesse attendere le performance del terzo Avatar per capire se procedere ulteriormente. E un <strong>box office di 1,48 miliardi di dollari<\/strong>, pur considerevole, \u00e8 ben lontano dai 2,7 e 2,4 miliardi dei primi due, a fronte di un costo astronomico di produzione di 400 milioni di dollari, a cui vanno aggiunte le spese altrettanto ingenti per il marketing.<\/p>\n<p>In altre parole, Cameron \u00e8 convinto che i prossimi film si possano fare, a patto che si applichino delle <strong>strategie di risparmio<\/strong>. \u201cPerch\u00e9 sono terribilmente costosi e portano via un sacco di tempo\u201d, ha continuato nella stessa intervista: \u201cVoglio farli nella met\u00e0 del tempo per due terzi del budget. Queste sono le mie metriche\u201d. Bisogna per\u00f2 ora capire se una produzione del genere \u00e8 fattibile: \u201cCi vorr\u00e0 un anno circa per capire come farlo\u201d. Le speranze sono dunque ancora vive e vegete, e c&#8217;\u00e8 chi \u00e8 convinto che Disney non rinuncer\u00e0 a un franchise che le ha fatto incassare miliardi e miliardi di dollari, confezionando i <strong>film pi\u00f9 visti nella storia<\/strong>. Ma Cameron ha gi\u00e0 anche pronto un <strong>piano B<\/strong>: \u201cSe non faremo il 4 e il 5 far\u00f2 una conferenza stampa e vi dir\u00f2 come andava a finire\u201d, ha dichiarato gi\u00e0 a dicembre scorso.<\/p>\n","protected":false},"excerpt":{"rendered":"Non \u00e8 chiaro se qualcuno li stia ancora aspettando con ansia ma all&#8217;appello mancano ancora due film di&hellip;\n","protected":false},"author":3,"featured_media":496444,"comment_status":"","ping_status":"","sticky":false,"template":"","format":"standard","meta":{"footnotes":"","_share_on_mastodon":"0"},"categories":[1442],"tags":[56842,640,203,454,204,1537,90,89,1521],"class_list":["post-496443","post","type-post","status-publish","format-standard","has-post-thumbnail","category-film","tag-avatar","tag-cinema","tag-entertainment","tag-film","tag-intrattenimento","tag-it","tag-italia","tag-italy","tag-movies"],"share_on_mastodon":{"url":"https:\/\/pubeurope.com\/@it\/116596255498985518","error":""},"_links":{"self":[{"href":"https:\/\/www.europesays.com\/it\/wp-json\/wp\/v2\/posts\/496443","targetHints":{"allow":["GET"]}}],"collection":[{"href":"https:\/\/www.europesays.com\/it\/wp-json\/wp\/v2\/posts"}],"about":[{"href":"https:\/\/www.europesays.com\/it\/wp-json\/wp\/v2\/types\/post"}],"author":[{"embeddable":true,"href":"https:\/\/www.europesays.com\/it\/wp-json\/wp\/v2\/users\/3"}],"replies":[{"embeddable":true,"href":"https:\/\/www.europesays.com\/it\/wp-json\/wp\/v2\/comments?post=496443"}],"version-history":[{"count":0,"href":"https:\/\/www.europesays.com\/it\/wp-json\/wp\/v2\/posts\/496443\/revisions"}],"wp:featuredmedia":[{"embeddable":true,"href":"https:\/\/www.europesays.com\/it\/wp-json\/wp\/v2\/media\/496444"}],"wp:attachment":[{"href":"https:\/\/www.europesays.com\/it\/wp-json\/wp\/v2\/media?parent=496443"}],"wp:term":[{"taxonomy":"category","embeddable":true,"href":"https:\/\/www.europesays.com\/it\/wp-json\/wp\/v2\/categories?post=496443"},{"taxonomy":"post_tag","embeddable":true,"href":"https:\/\/www.europesays.com\/it\/wp-json\/wp\/v2\/tags?post=496443"}],"curies":[{"name":"wp","href":"https:\/\/api.w.org\/{rel}","templated":true}]}}