{"id":496733,"date":"2026-05-18T19:03:13","date_gmt":"2026-05-18T19:03:13","guid":{"rendered":"https:\/\/www.europesays.com\/it\/496733\/"},"modified":"2026-05-18T19:03:13","modified_gmt":"2026-05-18T19:03:13","slug":"sciopero-generale-usb-a-roma-chiusa-e-riaperta-la-metro-c-manifestazione-a-termini-a-sostegno-della-flotilla","status":"publish","type":"post","link":"https:\/\/www.europesays.com\/it\/496733\/","title":{"rendered":"Sciopero generale Usb, a Roma chiusa e riaperta la metro C: manifestazione a Termini a sostegno della Flotilla"},"content":{"rendered":"<p>    di<br \/>\n    Redazione Roma<\/p>\n<p class=\"summary-art is-line-h-12\">Disagi oggi 18 maggio per lo sciopero generale indetto da Usb. In piazza dei Cinquecento la manifestazione \u00abNemmeno un chiodo per guerre e genocidio\u00bb. L&#8217;annuncio di un corteo alle 18<\/p>\n<p class=\"chapter-paragraph\">Anche a <b>Roma <\/b>oggi 18 maggio \u00e8 in corso lo <a href=\"https:\/\/www.corriere.it\/economia\/trasporti\/treni\/26_maggio_17\/sciopero-generale-del-18-maggio-stop-a-treni-bus-e-metro-orari-e-fasce-garantite-fbdec14e-e220-4431-bfc8-9436ba003xlk.shtml\" rel=\"nofollow noopener\" target=\"_blank\">sciopero generale di 24 ore<\/a> indetto dall&#8217;<b>Unione dei sindacati di base<\/b> e che riguarda tutti i settori. Un luned\u00ec quindi a rischio disagi su vari fronti:\u00a0<b>trasporti<\/b>, servizi pubblici, uffici, sanit\u00e0 e scuola.<\/p>\n<p class=\"chapter-paragraph\">Lo sciopero \u00e8 indetto a sostegno della <b>Flotilla <\/b>e \u00abcontro guerra e genocidio, carovita e sfruttamento\u00bb. A Roma \u00e8 anche prevista una manifestazione nazionale: ritrovo a Termini, in piazza dei Cinquecento, a partire dalle 10. Slogan della protesta \u00abNemmeno un chiodo per guerre e genocidio\u00bb.\u00a0In occasione del presidio, l&#8217;annuncio di un <b>corteo<\/b>, alle <b>18<\/b>, a sostegno della Global Sumud Flotilla. Lo fa sapere l&#8217;Usb. \u00abIsraele &#8211; afferma il sindacato &#8211; ha attaccato di nuovo la Global Sumud Flotilla, durante la giornata di sciopero generale indetta da Usb mentre le manifestazioni ed i presidi stavano cominciando. \u00c8 il momento della mobilitazione generale. Anche nelle altre citt\u00e0, per la mobilitazione dello sciopero erano previste pi\u00f9 di 20 piazze, ci si sta organizzando per scendere in piazza e manifestare\u00bb.    &#13;<br \/>\n&#13;<br \/>\n&#13;<br \/>\n&#13;<br \/>\n&#13;<br \/>\n&#13;<br \/>\n&#13;<br \/>\n&#13;<br \/>\n&#13;<br \/>\n&#13;<br \/>\n&#13;<br \/>\n&#13;<br \/>\n&#13;<br \/>\n&#13;<br \/>\n&#13;<br \/>\n&#13;<br \/>\n&#13;<br \/>\n&#13;<br \/>\n&#13;<br \/>\n&#13;<br \/>\n&#13;<br \/>\n&#13;<br \/>\n&#13;<br \/>\n&#13;<br \/>\n&#13;<br \/>\n&#13;<br \/>\n&#13;<br \/>\n&#13;<br \/>\n&#13;<br \/>\n&#13;<br \/>\n&#13;<br \/>\n&#13;<br \/>\n&#13;<br \/>\n&#13;<br \/>\n&#13;<br \/>\n&#13;<br \/>\n&#13;<br \/>\n&#13;<br \/>\n&#13;<br \/>\n&#13;<br \/>\n&#13;<br \/>\n&#13;<br \/>\n&#13;<br \/>\n&#13;<br \/>\n&#13;<br \/>\n&#13;<br \/>\n&#13;<br \/>\n&#13;<br \/>\n&#13;<br \/>\n&#13;<br \/>\n&#13;<br \/>\n&#13;<br \/>\n&#13;\n<\/p>\n<p>    Disagi, metro C chiusa e fasce di garanzia<\/p>\n<p class=\"chapter-paragraph\">I primi disagi, in citt\u00e0, si sono fatti subito sentire sul fronte dei trasporti locali.\u00a0La <b>metro C <\/b>\u00e8 infatti rimasta\u00a0<b>chiusa al mattino, e riaperto alle 13<\/b>, quando sono entrati in turno dipendenti che non hanno aderito allo sciopero.<b>\u00a0<\/b>La metro A e B proseguono invece il servizio con possibili riduzione di corse &#8211; si legge in una nota di Atac &#8211; mentre per quanto riguarda i mezzi di superficie sono possibili \u00abriduzioni di corse o sospensioni di servizio intera rete\u00bb.<\/p>\n<p class=\"chapter-paragraph\">Atac consiglia agli utenti di monitorare il sito in tempo reale, anche in vista della manifestazione davanti alla stazione, che potrebbe complicare il passaggio dei bus e quindi generare <b>ritardi<\/b>.<\/p>\n<p class=\"chapter-paragraph\">A Roma il servizio \u00e8 <b>garantito <\/b>fino alle 8.30 e<b> tra le 17 e le 20<\/b>.<\/p>\n<p class=\"chapter-paragraph\">Per quanto riguarda i <b>trasporti ferroviari<\/b> la protesta \u00e8 partita alle 21 di ieri sera e durer\u00e0 fino alla stessa ora di oggi. Previste le consuete fasce di garanzia sia per i treni pendolari sia nel trasporto pubblico locale.<\/p>\n<p>    Le ragioni dello sciopero<\/p>\n<p class=\"chapter-paragraph\">\u00abNello <b>sciopero<\/b> \u2013 fa sapere l\u2019Usb, motivando la giornata di protesta &#8211; dovranno vivere tutti i temi che andiamo agitando in questi mesi e che stanno affollando gli scioperi di settore che sono stati agiti in queste settimane, da quello dei <b>lavoratori pubblici<\/b> a quello dei <b>portuali<\/b>, dagli scioperi dei trasporti alle proteste contro i licenziamenti nella logistica, allo sciopero della <b>scuola <\/b>di soli pochi giorni fa fino a quello nazionale delle <b>cooperative<\/b> sociali che cade casualmente proprio il 18 maggio\u00bb.<\/p>\n<p class=\"chapter-paragraph\">E ancora: \u00abOgnuna di queste proteste ha una sua specificit\u00e0, e racconta contemporaneamente di una condizione del lavoro in Italia che sta subendo continui attacchi sul piano dei <b>diritti<\/b>, del <b>salario <\/b>e delle modalit\u00e0 di organizzazione. \u00c8 giusto che nello sciopero del 18 trovino espressione queste ragioni che stanno tornando ad animare un conflitto sociale di cui si sente un grande bisogno. Ma questo sciopero generale ci parla anche e soprattutto della voglia di fermare la barbarie e di costringere il governo Meloni a rompere le relazioni con uno Stato terrorista. \u00c8 uno sciopero per dire ai fratelli e alle sorelle della <b>Flotilla<\/b>: noi ci siamo, non siete soli e sole, e faremo di tutto per <b>proteggervi<\/b>. \u00c8 uno sciopero per sostenere i diritti calpestati dei palestinesi e rivendicare la loro sacrosanta ragione di vivere in pace nella loro terra\u00bb.<\/p>\n<p class=\"chapter-paragraph\">Articolo in aggiornamento&#8230;<\/p>\n<p class=\"is-mr-t-20 is-mr-b-20\"><b><br \/>\n                    <a href=\"https:\/\/roma.corriere.it\/?intcmp=Notizielocali_nd_010623_corriere_ss_roma\" target=\"_blank\" rel=\"nofollow noopener\">Vai a tutte le notizie di Roma<\/a><br \/>\n            <\/b><\/p>\n<p class=\"chapter-paragraph\"><b><a href=\"https:\/\/www.corriere.it\/newsletter\/?theme=52&amp;intcmp=NL-artic_nd_050624_corriere_ss_roma\" target=\"_blank\" rel=\"nofollow noopener\">Iscriviti alla newsletter di Corriere Roma<\/a><\/b><\/p>\n<p class=\"is-last-update\" datetime=\"2026-05-18T13:23:23+02:00\">18 maggio 2026 ( modifica il 18 maggio 2026 | 13:23)<\/p>\n<p class=\"is-copyright\">\n            \u00a9 RIPRODUZIONE RISERVATA\n        <\/p>\n","protected":false},"excerpt":{"rendered":"di Redazione Roma Disagi oggi 18 maggio per lo sciopero generale indetto da Usb. In piazza dei Cinquecento&hellip;\n","protected":false},"author":3,"featured_media":496734,"comment_status":"","ping_status":"","sticky":false,"template":"","format":"standard","meta":{"footnotes":"","_share_on_mastodon":"0"},"categories":[6],"tags":[3825,275618,52631,99850,275619,275620,445,56366,8776,13416,14,880,17649,56942,82962,13989,2779,774,5183,9728,59366,59367,8,82940,1537,90,89,707,13720,6891,7,15,82,9,83,10,5543,7700,7301,987,28156,82941,669,6313,13,4326,11,80,84,12,81,85,10999],"class_list":["post-496733","post","type-post","status-publish","format-standard","has-post-thumbnail","category-ultime-notizie","tag-annuncio","tag-annuncio-corteo","tag-atac","tag-chiodo","tag-chiodo-guerre","tag-chiodo-guerre-genocidio","tag-chiusa","tag-cinquecento","tag-corse","tag-corteo","tag-cronaca","tag-diritti","tag-disagi","tag-fasce","tag-fasce-garanzia","tag-flotilla","tag-garanzia","tag-genocidio","tag-giornata","tag-global","tag-global-sumud","tag-global-sumud-flotilla","tag-headlines","tag-indetto","tag-it","tag-italia","tag-italy","tag-maggio","tag-manifestazione","tag-metro","tag-news","tag-notizie","tag-notizie-di-cronaca","tag-notizie-principali","tag-notiziedicronaca","tag-notizieprincipali","tag-piazza","tag-protesta","tag-riguarda","tag-roma","tag-sciopero","tag-sciopero-indetto","tag-servizio","tag-sostegno","tag-titoli","tag-trasporti","tag-ultime-notizie","tag-ultime-notizie-di-cronaca","tag-ultime-notizie-e-news-di-oggi","tag-ultimenotizie","tag-ultimenotiziedicronaca","tag-ultimenotizieenewsdioggi","tag-usb"],"share_on_mastodon":{"url":"","error":"Validation failed: Text character limit of 500 exceeded"},"_links":{"self":[{"href":"https:\/\/www.europesays.com\/it\/wp-json\/wp\/v2\/posts\/496733","targetHints":{"allow":["GET"]}}],"collection":[{"href":"https:\/\/www.europesays.com\/it\/wp-json\/wp\/v2\/posts"}],"about":[{"href":"https:\/\/www.europesays.com\/it\/wp-json\/wp\/v2\/types\/post"}],"author":[{"embeddable":true,"href":"https:\/\/www.europesays.com\/it\/wp-json\/wp\/v2\/users\/3"}],"replies":[{"embeddable":true,"href":"https:\/\/www.europesays.com\/it\/wp-json\/wp\/v2\/comments?post=496733"}],"version-history":[{"count":0,"href":"https:\/\/www.europesays.com\/it\/wp-json\/wp\/v2\/posts\/496733\/revisions"}],"wp:featuredmedia":[{"embeddable":true,"href":"https:\/\/www.europesays.com\/it\/wp-json\/wp\/v2\/media\/496734"}],"wp:attachment":[{"href":"https:\/\/www.europesays.com\/it\/wp-json\/wp\/v2\/media?parent=496733"}],"wp:term":[{"taxonomy":"category","embeddable":true,"href":"https:\/\/www.europesays.com\/it\/wp-json\/wp\/v2\/categories?post=496733"},{"taxonomy":"post_tag","embeddable":true,"href":"https:\/\/www.europesays.com\/it\/wp-json\/wp\/v2\/tags?post=496733"}],"curies":[{"name":"wp","href":"https:\/\/api.w.org\/{rel}","templated":true}]}}