{"id":496814,"date":"2026-05-18T20:11:15","date_gmt":"2026-05-18T20:11:15","guid":{"rendered":"https:\/\/www.europesays.com\/it\/496814\/"},"modified":"2026-05-18T20:11:15","modified_gmt":"2026-05-18T20:11:15","slug":"giulia-salemi-e-pierpaolo-pretelli-sono-in-crisi-svelata-la-verita-centra-il-figlio-kian","status":"publish","type":"post","link":"https:\/\/www.europesays.com\/it\/496814\/","title":{"rendered":"Giulia Salemi e Pierpaolo Pretelli sono in crisi? Svelata la verit\u00e0: &#8220;C&#8217;entra il figlio Kian&#8221;"},"content":{"rendered":"<p>Giulia Salemi e Pierpaolo Pretelli in crisi? <a href=\"https:\/\/www.today.it\/gossip\/vip\/pretelli-giulia-salemi-crisi.html\" rel=\"nofollow noopener\" target=\"_blank\">Le voci si rincorrono ormai da tempo<\/a>, i due interessati non hanno mai commentato questi gossip e sui social si sono sempre mostrati felici e innamorati, ma qual \u00e8 la realt\u00e0? A svelare la verit\u00e0 e a tranquillizzare i fan \u00e8 lo stesso giornalista che ha lanciato, tempo fa, l\u2019indiscrezione sulle difficolt\u00e0 che ha attraversato la coppia di ex gieffini, ovvero Roberto Alessi.\u00a0<\/p>\n<p>In un video sul suo canale Instagram, l\u2019ex direttore di Novella 2000 ha spiegato il retroscena dell\u2019indiscrezione ma soprattutto come stanno veramente in questo momento le cose. \u201cAvevo parlato di una loro crisi, mi era stata confermata da persone molto vicine alla coppia, per\u00f2 nello stesso tempo mi era stato detto che s\u00ec, c\u2019erano delle \u2018dinamiche\u2019 \u2013 cos\u00ec le avevano definite \u2013 che non funzionavano pi\u00f9 tanto bene dopo l\u2019arrivo del loro bambino, Kian. L\u2019arrivo del figlio, che ora ha compiuto un anno, ha creato un po\u2019 di problemi all\u2019interno della coppia\u201d, ha spiegato nel dettaglio il giornalista, che poi ci ha tenuto a ricordare: \u201cIo per\u00f2, in quello stesso video ho anche detto: \u2018spero di essere al pi\u00f9 presto smentito\u2019. Mi dispiaceva per loro: sono una coppia meravigliosa, tutti e due molto belli con un bambino stupendo e insomma, era veramente un peccato\u201d. Pericolo per\u00f2, rientrato secondo la conclusione di Alessi che spiega che ogni nube che pu\u00f2 aver rovinato momentaneamente il menage familiare e di coppia di Giulia Salemi e Pierpaolo Pretelli si \u00e8 ormai allontanata, e sul loro amore \u00e8 tornato a splendere il sole.<\/p>\n<p>\u00a0\u201cLi ho incrociati e fortunatamente sono tornati ad amarsi, anzi no, non hanno mai smesso di amarsi. Diciamo che, semplicemente qualcosa era cambiato con l\u2019arrivo del loro bambino. Ma semplicemente i rapporti cambiano, crescono e si cerca una nuova maturit\u00e0 che, alla fine \u00e8 arrivata\u201d.\u00a0<\/p>\n<p><a href=\"https:\/\/www.today.it\/gossip\/vip\/giulia-salemi-e-pretelli-parlano-gli-amici-crisi.html\" target=\"_blank\" rel=\"nofollow noopener\">Giulia Salemi e Pretelli, parlano gli amici: &#8220;Sono davvero in crisi&#8221;. E Pierpaolo risponde<\/a><\/p>\n<p>E insomma, stiano tranquilli i tanti fan della bellissima coppia, pace fatta anche se, nei mesi scorsi pi\u00f9 che una crisi legata alla necessita di trovare nuovi equilibri che l\u2019arrivo di un figlio pretende, si era parlato di un momento complicato per i rumors, falsi, che si sono rincorsi nel momento pi\u00f9 caldo del caso Signorini. Comunque sia nessuna crisi: Pierpaolo e Giulia si amano e hanno intenzione di rimanere insieme per tanto tempo ancora.<\/p>\n<p>  &#13;<br \/>\n&#13;<br \/>\n  &lt;!?php if ( SF_DOMAIN == &#8216;citynews-bruxellestoday&#8217; || SF_DOMAIN == &#8216;citynews-cagliaritoday&#8217; || SF_DOMAIN == &#8216;citynews-sassaritoday&#8217; || SF_DOMAIN == &#8216;citynews-tarantotoday&#8217; || SF_DOMAIN == &#8216;citynews-viterbotoday&#8217; || SF_DOMAIN == &#8216;citynews-ferraratoday&#8217; ): ?&gt;&#13;<br \/>\n    &#13;<br \/>\n  &lt;!?php endif; ?&gt;&#13;<br \/>\n  &#13;<br \/>\n&#13;<br \/>\n        &#13;<br \/>\n        &#13;<\/p>\n","protected":false},"excerpt":{"rendered":"Giulia Salemi e Pierpaolo Pretelli in crisi? Le voci si rincorrono ormai da tempo, i due interessati non&hellip;\n","protected":false},"author":3,"featured_media":473250,"comment_status":"","ping_status":"","sticky":false,"template":"","format":"standard","meta":{"footnotes":"","_share_on_mastodon":"0"},"categories":[1451],"tags":[1621,1620,203,9213,204,1537,90,89,9214,9215],"class_list":["post-496814","post","type-post","status-publish","format-standard","has-post-thumbnail","category-celebrita","tag-celebrita","tag-celebrities","tag-entertainment","tag-giulia-salemi","tag-intrattenimento","tag-it","tag-italia","tag-italy","tag-kian","tag-pierpaolo-pretelli"],"share_on_mastodon":{"url":"https:\/\/pubeurope.com\/@it\/116597403498561494","error":""},"_links":{"self":[{"href":"https:\/\/www.europesays.com\/it\/wp-json\/wp\/v2\/posts\/496814","targetHints":{"allow":["GET"]}}],"collection":[{"href":"https:\/\/www.europesays.com\/it\/wp-json\/wp\/v2\/posts"}],"about":[{"href":"https:\/\/www.europesays.com\/it\/wp-json\/wp\/v2\/types\/post"}],"author":[{"embeddable":true,"href":"https:\/\/www.europesays.com\/it\/wp-json\/wp\/v2\/users\/3"}],"replies":[{"embeddable":true,"href":"https:\/\/www.europesays.com\/it\/wp-json\/wp\/v2\/comments?post=496814"}],"version-history":[{"count":0,"href":"https:\/\/www.europesays.com\/it\/wp-json\/wp\/v2\/posts\/496814\/revisions"}],"wp:featuredmedia":[{"embeddable":true,"href":"https:\/\/www.europesays.com\/it\/wp-json\/wp\/v2\/media\/473250"}],"wp:attachment":[{"href":"https:\/\/www.europesays.com\/it\/wp-json\/wp\/v2\/media?parent=496814"}],"wp:term":[{"taxonomy":"category","embeddable":true,"href":"https:\/\/www.europesays.com\/it\/wp-json\/wp\/v2\/categories?post=496814"},{"taxonomy":"post_tag","embeddable":true,"href":"https:\/\/www.europesays.com\/it\/wp-json\/wp\/v2\/tags?post=496814"}],"curies":[{"name":"wp","href":"https:\/\/api.w.org\/{rel}","templated":true}]}}