{"id":497157,"date":"2026-05-19T00:54:10","date_gmt":"2026-05-19T00:54:10","guid":{"rendered":"https:\/\/www.europesays.com\/it\/497157\/"},"modified":"2026-05-19T00:54:10","modified_gmt":"2026-05-19T00:54:10","slug":"motogp-come-stanno-alex-marquez-e-johann-zarco-gli-aggiornamenti-sulle-loro-condizioni","status":"publish","type":"post","link":"https:\/\/www.europesays.com\/it\/497157\/","title":{"rendered":"MotoGP, come stanno Alex Marquez e Johann Zarco: gli aggiornamenti sulle loro condizioni"},"content":{"rendered":"<p>Il mondo del motociclismo pu\u00f2 rilassarsi dopo le preoccupanti immagini che sono arrivate dalla pista nella domenica catalana. Alex Marquez e Johann Zarco, protagonisti di due momenti catastrofici della sfida di Barcellona, hanno aggiornato personalmente i fan sulle loro <strong>condizioni di salute<\/strong>. Il quadro clinico avrebbe potuto essere drammatico dopo le carambole che li hanno coinvolti.<\/p>\n<p>A causa di un problema tecnico alla KTM di Pedro Acosta, leader nella fase iniziale del GP, <strong>Alex Marquez<\/strong> ha centrato la moto austriaca, finendo per sfracellarsi sull\u2019erba ad alta velocit\u00e0. Il pilota del team Gresini Racing ha cercato di evitare sul dritto l\u2019avversario frenato da un\u2019avaria al motore, ma subito dopo il contatto ha perso il controllo della sua Ducati, schiantandosi a bordo pista. La Desmosedici azzurra ha continuato la decelerazione, provocando la caduta anche Fabio Di Giannantonio, che ha subito un colpo alla mano e poi ha ripreso parte alla sfida trovando persino il gusto del successo.\n<\/p>\n<p>Le condizioni di Alex Marquez<\/p>\n<p>Il numero 73 \u00e8 stato trasportato in ambulanza ed \u00e8 rimasto sempre cosciente. Gli esami clinici hanno evidenziato la frattura della clavicola destra e una piccola frattura alla <strong>vertebra cervicale C4.<\/strong> Il fratello minore di Marc ha inviato un messaggio via social, annunciando che la clavicola \u00e8 stata stabilizzata con una placca. Operato all\u2019Ospedale Generale della Catalogna a Sant Cugat, \u00e8 stato gi\u00e0 dimesso e dovr\u00e0 sottoporsi a ulteriori esami in settimana per stabilire il percorso terapeutico pi\u00f9 indicato per quanto concerne la lesione vertebrale. Nel comunicato diffuso dal <strong>team Gresini Racing<\/strong> si legge:<\/p>\n<blockquote>\n<p>\u201cAlex Marquez \u00e8 stato operato ieri sera con successo per una frattura alla clavicola destra, stabilizzata con l\u2019<strong>inserimento di una placca<\/strong> dai dottori Anna Carreras, David Benito e Paula Barrag\u00e1n presso l\u2019Ospedale Generale della Catalogna\u201d.<\/p>\n<\/blockquote>\n<blockquote class=\"instagram-media\" data-instgrm-captioned=\"\" data-instgrm-permalink=\"https:\/\/www.instagram.com\/p\/DYeeULojJhf\/?utm_source=ig_embed&amp;utm_campaign=loading\" data-instgrm-version=\"14\" style=\" background:#FFF; border:0; border-radius:3px; box-shadow:0 0 1px 0 rgba(0,0,0,0.5),0 1px 10px 0 rgba(0,0,0,0.15); margin: 1px; max-width:100%; min-width:326px; padding:0; width:99.375%; width:-webkit-calc(100% - 2px); width:calc(100% - 2px);\"\/>\n<p>Ansia anche per Johann Zarco<\/p>\n<p>Alla ripartenza della sfida in Curva-1 il pilota della Honda LCR \u00e8 rimasto coinvolto in un contatto con Bagnaia e Marini. Uno sfortunato tamponamento ha creato una dinamica pi\u00f9 unica che rara. Il <strong>piede sinistro<\/strong> del rider francese \u00e8 rimasto incastrato nella Ducati di Pecco, facendo temere un infortunio al femore. Trasportato d\u2019urgenza in ambulanza all\u2019ospedale di Barcellona, Zarco ha annunciato di non aver avuto fratture al femore.<\/p>\n<p>Le conseguenze riguardano i <strong>legamenti del ginocchio sinistro<\/strong>, completamente lesionati nell\u2019incidente. Inoltre, si \u00e8 aggiunta una lieve frattura nella parte inferiore del perone, vicino alla caviglia sinistra. Dopo la lacerazione dei legamenti del ginocchio sinistro, Zarco si recher\u00e0 a Lione dal dr. Bertrand Sonnery-Cottet, luminare della chirurgia ortopedica. Di recente anche <a href=\"https:\/\/www.virgilio.it\/motori\/motor-sport\/moto-gp\/motogp-infortunio-marc-marquez\/329278\/\" target=\"_blank\" rel=\"noopener nofollow\" data-doctype=\"\">Marc Marquez<\/a> si \u00e8 sottoposto a un doppio intervento in Spagna per risolvere il problema alla spalla e al piede destro.<\/p>\n<p>Polemiche tra i piloti<\/p>\n<p>Con due bandiere rosse e tre start il <a href=\"https:\/\/www.virgilio.it\/motori\/motor-sport\/moto-gp\/gp-barcellona-tragedia-sfiorata-pagelle\/330019\/\" target=\"_blank\" rel=\"noopener nofollow\" data-doctype=\"\">GP di Barcellona 2026<\/a> verr\u00e0 ricordato come uno dei peggiori dell\u2019era recente. Il vincitore <strong>Fabio Di Giannantonio<\/strong> ha spiegato di aver visto la forcella e pezzi di moto volare, durante la carambola tra Alex Marquez e Pedro Acosta, mentre Bagnaia, Acosta e Rivola hanno chiesto a gran voce nel post GP regole pi\u00f9 severe sulle ripartenze. Nella giornata di luned\u00ec, nei test, si \u00e8 registrata anche la brutta caduta di <strong>Jorge Martin,<\/strong> per fortuna senza conseguenze e fratture.<\/p>\n<p>Tra due settimane la MotoGP torner\u00e0 protagonista al <strong>Mugello<\/strong> per il settimo round e il team Gresini Racing ha preferito essere molto cauto e non ha fissato una data precisa per il rientro di Alex Marquez, sottolineando che la priorit\u00e0 \u00e8 la corretta guarigione dell\u2019osso. Massima riservatezza anche in merito ai tempi di recupero di Johann Zarco. La cosa fondamentale \u00e8 che entrambi i piloti siano fuori pericolo.<\/p>\n<p>\t<script async src=\"\/\/www.instagram.com\/embed.js\"><\/script><\/p>\n","protected":false},"excerpt":{"rendered":"Il mondo del motociclismo pu\u00f2 rilassarsi dopo le preoccupanti immagini che sono arrivate dalla pista nella domenica catalana.&hellip;\n","protected":false},"author":3,"featured_media":497158,"comment_status":"","ping_status":"","sticky":false,"template":"","format":"standard","meta":{"footnotes":"","_share_on_mastodon":"0"},"categories":[6],"tags":[14,3438,8,1537,90,89,1790,1798,1785,7,15,82,9,83,10,245,13,11,80,84,12,81,85],"class_list":["post-497157","post","type-post","status-publish","format-standard","has-post-thumbnail","category-ultime-notizie","tag-cronaca","tag-ducati","tag-headlines","tag-it","tag-italia","tag-italy","tag-ktm","tag-moto-gp","tag-motogp","tag-news","tag-notizie","tag-notizie-di-cronaca","tag-notizie-principali","tag-notiziedicronaca","tag-notizieprincipali","tag-sport","tag-titoli","tag-ultime-notizie","tag-ultime-notizie-di-cronaca","tag-ultime-notizie-e-news-di-oggi","tag-ultimenotizie","tag-ultimenotiziedicronaca","tag-ultimenotizieenewsdioggi"],"share_on_mastodon":{"url":"https:\/\/pubeurope.com\/@it\/116598516335186865","error":""},"_links":{"self":[{"href":"https:\/\/www.europesays.com\/it\/wp-json\/wp\/v2\/posts\/497157","targetHints":{"allow":["GET"]}}],"collection":[{"href":"https:\/\/www.europesays.com\/it\/wp-json\/wp\/v2\/posts"}],"about":[{"href":"https:\/\/www.europesays.com\/it\/wp-json\/wp\/v2\/types\/post"}],"author":[{"embeddable":true,"href":"https:\/\/www.europesays.com\/it\/wp-json\/wp\/v2\/users\/3"}],"replies":[{"embeddable":true,"href":"https:\/\/www.europesays.com\/it\/wp-json\/wp\/v2\/comments?post=497157"}],"version-history":[{"count":0,"href":"https:\/\/www.europesays.com\/it\/wp-json\/wp\/v2\/posts\/497157\/revisions"}],"wp:featuredmedia":[{"embeddable":true,"href":"https:\/\/www.europesays.com\/it\/wp-json\/wp\/v2\/media\/497158"}],"wp:attachment":[{"href":"https:\/\/www.europesays.com\/it\/wp-json\/wp\/v2\/media?parent=497157"}],"wp:term":[{"taxonomy":"category","embeddable":true,"href":"https:\/\/www.europesays.com\/it\/wp-json\/wp\/v2\/categories?post=497157"},{"taxonomy":"post_tag","embeddable":true,"href":"https:\/\/www.europesays.com\/it\/wp-json\/wp\/v2\/tags?post=497157"}],"curies":[{"name":"wp","href":"https:\/\/api.w.org\/{rel}","templated":true}]}}