{"id":497381,"date":"2026-05-19T05:14:14","date_gmt":"2026-05-19T05:14:14","guid":{"rendered":"https:\/\/www.europesays.com\/it\/497381\/"},"modified":"2026-05-19T05:14:14","modified_gmt":"2026-05-19T05:14:14","slug":"la-terzieta-di-tajani-accelera-la-riforma-rai","status":"publish","type":"post","link":"https:\/\/www.europesays.com\/it\/497381\/","title":{"rendered":"La terziet\u00e0 di Tajani accelera la riforma Rai"},"content":{"rendered":"<p>La \u201cterziet\u00e0\u201d: o la pratica Paolo Mieli o \u00e8 la terza et\u00e0 della coscienza. <b>Un consiglio a Forza Italia, a Tajani: lottizzate con amore, ma gi\u00f9 le mani dalla terziet\u00e0<\/b>. Che significa, che vuol dire? Per <b>affossare la candidatura di Federico Freni a Consob<\/b> si \u00e8 agitata di terziet\u00e0, perch\u00e9 alla Consob, ripete Forza Italia, \u201cserve la terziet\u00e0\u201d, peccato che in Rai quando qualcuno ipotizza, dopo\u00a0<a href=\"https:\/\/www.ilfoglio.it\/politica\/2026\/05\/15\/video\/giachetti-iv-si-incatena-si-ammanetta-a-banco-camera-in-aula-finche-la-maggioranza-non-sblocca-la-vigilanza-rai--398951\" target=\"_blank\" rel=\"nofollow noopener\">tre anni e mezzo di paralisi della Commissione di Vigilanza<\/a>, \u201cserve la terziet\u00e0\u201d, Tajani salti dalla sedia. Il Fatto Quotidiano, Giacomo Salvini, ha scritto che forse \u00e8 la volta buona che Tajani sblocchi la Vigilanza Rai, perch\u00e9 <b>Simona Agnes<\/b> non ha i voti. Ebbene, Tajani fa sapere che non rinuncia a Agnes tranne che Agnes non venga nominata dg Rai.<\/p>\n","protected":false},"excerpt":{"rendered":"La \u201cterziet\u00e0\u201d: o la pratica Paolo Mieli o \u00e8 la terza et\u00e0 della coscienza. Un consiglio a Forza&hellip;\n","protected":false},"author":3,"featured_media":497382,"comment_status":"","ping_status":"","sticky":false,"template":"","format":"standard","meta":{"footnotes":"","_share_on_mastodon":"0"},"categories":[1444],"tags":[120,275897,2695,203,275895,204,1537,90,89,477,275896,5486,253],"class_list":["post-497381","post","type-post","status-publish","format-standard","has-post-thumbnail","category-tv","tag-antonio-tajani","tag-commissione-di-vigilanza-rai","tag-consob","tag-entertainment","tag-federico-freni","tag-intrattenimento","tag-it","tag-italia","tag-italy","tag-politica","tag-simona-agnes","tag-televisione","tag-tv"],"share_on_mastodon":{"url":"https:\/\/pubeurope.com\/@it\/116599538475546814","error":""},"_links":{"self":[{"href":"https:\/\/www.europesays.com\/it\/wp-json\/wp\/v2\/posts\/497381","targetHints":{"allow":["GET"]}}],"collection":[{"href":"https:\/\/www.europesays.com\/it\/wp-json\/wp\/v2\/posts"}],"about":[{"href":"https:\/\/www.europesays.com\/it\/wp-json\/wp\/v2\/types\/post"}],"author":[{"embeddable":true,"href":"https:\/\/www.europesays.com\/it\/wp-json\/wp\/v2\/users\/3"}],"replies":[{"embeddable":true,"href":"https:\/\/www.europesays.com\/it\/wp-json\/wp\/v2\/comments?post=497381"}],"version-history":[{"count":0,"href":"https:\/\/www.europesays.com\/it\/wp-json\/wp\/v2\/posts\/497381\/revisions"}],"wp:featuredmedia":[{"embeddable":true,"href":"https:\/\/www.europesays.com\/it\/wp-json\/wp\/v2\/media\/497382"}],"wp:attachment":[{"href":"https:\/\/www.europesays.com\/it\/wp-json\/wp\/v2\/media?parent=497381"}],"wp:term":[{"taxonomy":"category","embeddable":true,"href":"https:\/\/www.europesays.com\/it\/wp-json\/wp\/v2\/categories?post=497381"},{"taxonomy":"post_tag","embeddable":true,"href":"https:\/\/www.europesays.com\/it\/wp-json\/wp\/v2\/tags?post=497381"}],"curies":[{"name":"wp","href":"https:\/\/api.w.org\/{rel}","templated":true}]}}