{"id":497937,"date":"2026-05-19T13:21:19","date_gmt":"2026-05-19T13:21:19","guid":{"rendered":"https:\/\/www.europesays.com\/it\/497937\/"},"modified":"2026-05-19T13:21:19","modified_gmt":"2026-05-19T13:21:19","slug":"treviso-basket-primo-grande-colpo-di-mercato-il-play-alessandro-cappelletti-ha-firmato-fino-al-2028-ho-un-legame-speciale-con-questo-club","status":"publish","type":"post","link":"https:\/\/www.europesays.com\/it\/497937\/","title":{"rendered":"Treviso Basket, primo grande colpo di mercato: il play Alessandro Cappelletti ha firmato fino al 2028. \u00abHo un legame speciale con questo club\u00bb"},"content":{"rendered":"<p><strong><a href=\"https:\/\/www.ilgazzettino.it\/t\/treviso\" rel=\"nofollow noopener\" target=\"_blank\">TREVISO<\/a><\/strong>\u00a0&#8211; <a href=\"https:\/\/www.ilgazzettino.it\/t\/alessandro-cappelletti\" rel=\"nofollow noopener\" target=\"_blank\">Alessandro Cappelletti<\/a> sar\u00e0 un giocatore di <a href=\"https:\/\/www.ilgazzettino.it\/t\/treviso-basket\" rel=\"nofollow noopener\" target=\"_blank\">Treviso Basket<\/a> almeno fino al 2028. La notizia da giorni tanto auspicata \u00e8 arrivata ieri mattina &#8220;magno cum gaudio&#8221; di tutta la tifoseria. Bel colpo perci\u00f2 del general manager <a href=\"https:\/\/www.ilgazzettino.it\/t\/federico-pasquini\" rel=\"nofollow noopener\" target=\"_blank\">Federico Pasquini<\/a>: verosimilmente qualche altro club sulle tracce del play nato ad Assisi e cresciuto a Spoleto c&#8217;era, quindi oggi si capisce che le belle parole di stima pronunciate a suo tempo dal giocatore nei confronti di tutto l&#8217;ambiente e della societ\u00e0 evidentemente non erano di circostanza.<\/p>\n<p>    &#13;<\/p>\n<p>APPROFONDIMENTI<\/p>\n<p>&#13;<\/p>\n<p>                            &#13;<br \/>\n                                            &#13;<br \/>\n                            <a href=\"https:\/\/www.ilgazzettino.it\/nordest\/treviso\/treviso_basket_time_out_quote_societa-9532359.html\" rel=\"nofollow noopener\" target=\"_blank\">&#13;<br \/>\n                                                                <img decoding=\"async\" src=\"https:\/\/www.europesays.com\/it\/wp-content\/uploads\/2026\/05\/1779196878_414_9532359_OBJ67322364_18908.jpg\"\/>&#13;<br \/>\n                            <\/a>&#13;<br \/>\n                        &#13;<br \/>\n                                        &#13;<\/p>\n<p>                            &#13;<br \/>\n                                            &#13;<br \/>\n                            <a href=\"https:\/\/www.ilgazzettino.it\/nordest\/treviso\/nutribullet_vince_contro_reggio_emilia_festa_palaverde-9523715.html\" rel=\"nofollow noopener\" target=\"_blank\">&#13;<br \/>\n                                                                <img decoding=\"async\" src=\"https:\/\/www.europesays.com\/it\/wp-content\/uploads\/2026\/05\/9523715_10200707_miaschi.jpg\"\/>&#13;<br \/>\n                            <\/a>&#13;<br \/>\n                        &#13;<br \/>\n                                        &#13;<\/p>\n<p>        &#13;<\/p>\n<p>Di pi\u00f9: <a href=\"https:\/\/www.ilgazzettino.it\/t\/cappelletti\" rel=\"nofollow noopener\" target=\"_blank\">Cappelletti<\/a> diceva che la sua permanenza non sarebbe dipesa solo dal fattore economico ma da condizioni pi\u00f9 generali, fra queste presumibilmente anche l&#8217;assicurazione che la prossima <a href=\"https:\/\/www.ilgazzettino.it\/t\/nutribullet\" rel=\"nofollow noopener\" target=\"_blank\">Nutribullet<\/a> dovr\u00e0 essere pi\u00f9 competitiva dell&#8217;ultima, quantomeno di quella del girone di andata.<\/p>\n<p> Il giocatore <\/p>\n<p>L&#8217;intenzione, anche grazie all&#8217;arrivo di Time Out, \u00e8 proprio questa: allestire finalmente un roster in grado di evitare i gorghi della zona retrocessione e restare a met\u00e0 classifica puntando ai playoff, cosa che a questa societ\u00e0 in sette anni di serie A \u00e8 riuscita una volta sola, nel 2021.<\/p>\n<p>Con la sua conferma possiamo affermare tranquillamente che l&#8217;operazione \u00e8 iniziata col piede giusto. \u00abSono davvero contento di continuare questo percorso con il club &#8211; ha fatto sapere il &#8220;Cappe&#8221; &#8211; <a href=\"https:\/\/www.ilgazzettino.it\/t\/fin\" rel=\"nofollow noopener\" target=\"_blank\">Fin<\/a> dal primo giorno ho sentito grande fiducia, affetto e una vicinanza sincera, e per me questo ha avuto un peso importante. Con i tifosi si \u00e8 creato subito un legame speciale, mi hanno sempre fatto sentire il loro affetto e il loro sostegno, ed \u00e8 una cosa che mi ha spinto tanto a continuare con questa maglia. Nella mia carriera ho sempre cercato di costruire rapporti umani importanti, oltre a quelli professionali. Nel club e nella squadra ho trovato persone che stimo molto dentro e fuori dal campo-ha proseguito- ed un ambiente con valori nei quali mi riconosco. Per questo sono felice di proseguire questo percorso insieme. Ringrazio la societ\u00e0 per la fiducia rinnovata. Forza Treviso\u00bb.<\/p>\n<p>Le caratteristiche <\/p>\n<p>Cappelletti, 31 anni, era arrivato a Tvb a gennaio dopo essersi svincolato da Trapani e subito aveva messo in mostra le sue, peraltro gi\u00e0 riconosciute, qualit\u00e0 di regista veloce e dall&#8217;ottima visione di gioco, gran passatore e pure rimbalzista, all&#8217;occorrenza anche scorer, soprattutto nei momenti decisivi della partita, come &#8220;mister clutch&#8221; ha dimostrato a Cant\u00f9 e con Reggio Emilia: in media ha viaggiato, nelle 13 gare disputate in maglia trevigiana, a 11.7 punti, 4.4 rimbalzi e 5.7 assist. Cifre da eccellente Usa. Da ricordare anche che era stato eletto sui canali Lba &#8220;italiano del mese&#8221; a marzo e aprile.<\/p>\n<p>Il coach <\/p>\n<p>Un playmaker del genere farebbe la felicit\u00e0 di qualsiasi allenatore, Marcelo Nicola ha avuto la fortuna di averlo con s\u00e9 per altre due stagioni. \u00abPenso sia un grande inizio per costruire la squadra del prossimo anno &#8211; esclama il coach &#8211; Mandiamo un segnale importante di continuit\u00e0, consolidando le sensazioni positive di questo finale di stagione. Alessandro \u00e8 un giocatore italiano di valore, rappresenta un tassello importante per la squadra, la societ\u00e0 e i tifosi. Il suo rinnovo \u00e8 un passo importante per il prossimo campionato\u00bb.<\/p>\n<p>Continuit\u00e0: concetto che negli ultimi anni a Treviso Basket \u00e8 stato solamente un optional. Le rivoluzioni estive dei roster non hanno mai portato stabilit\u00e0 e, specialmente, risultati. Anzi solo sofferenze indicibili, anche se alla fine tutte risolte positivamente: adesso si vuole iniziare a creare, trattenendone tre, un nucleo formato da Cappelletti, Macura e Croswell, gran protagonista del 7-1 nelle ultime otto giornate, oltre agli italiani ancora sotto contratto, e parliamo di Miaschi, Chillo e Allinei.<\/p>\n<p>Ma questo, come ci conferma lo stesso Pasquini, sar\u00e0 il lavoro che l&#8217;attender\u00e0 nelle prossime settimane.<\/p>\n","protected":false},"excerpt":{"rendered":"TREVISO\u00a0&#8211; Alessandro Cappelletti sar\u00e0 un giocatore di Treviso Basket almeno fino al 2028. La notizia da giorni tanto&hellip;\n","protected":false},"author":3,"featured_media":497938,"comment_status":"","ping_status":"","sticky":false,"template":"","format":"standard","meta":{"footnotes":"","_share_on_mastodon":"0"},"categories":[1453],"tags":[5911,1756,1757,84348,1537,90,89,12042,245,244,3152],"class_list":["post-497937","post","type-post","status-publish","format-standard","has-post-thumbnail","category-basket","tag-alessandro-cappelletti","tag-basket","tag-basketball","tag-federico-pasquini","tag-it","tag-italia","tag-italy","tag-nutribullet","tag-sport","tag-sports","tag-treviso-basket"],"share_on_mastodon":{"url":"https:\/\/pubeurope.com\/@it\/116601454588356036","error":""},"_links":{"self":[{"href":"https:\/\/www.europesays.com\/it\/wp-json\/wp\/v2\/posts\/497937","targetHints":{"allow":["GET"]}}],"collection":[{"href":"https:\/\/www.europesays.com\/it\/wp-json\/wp\/v2\/posts"}],"about":[{"href":"https:\/\/www.europesays.com\/it\/wp-json\/wp\/v2\/types\/post"}],"author":[{"embeddable":true,"href":"https:\/\/www.europesays.com\/it\/wp-json\/wp\/v2\/users\/3"}],"replies":[{"embeddable":true,"href":"https:\/\/www.europesays.com\/it\/wp-json\/wp\/v2\/comments?post=497937"}],"version-history":[{"count":0,"href":"https:\/\/www.europesays.com\/it\/wp-json\/wp\/v2\/posts\/497937\/revisions"}],"wp:featuredmedia":[{"embeddable":true,"href":"https:\/\/www.europesays.com\/it\/wp-json\/wp\/v2\/media\/497938"}],"wp:attachment":[{"href":"https:\/\/www.europesays.com\/it\/wp-json\/wp\/v2\/media?parent=497937"}],"wp:term":[{"taxonomy":"category","embeddable":true,"href":"https:\/\/www.europesays.com\/it\/wp-json\/wp\/v2\/categories?post=497937"},{"taxonomy":"post_tag","embeddable":true,"href":"https:\/\/www.europesays.com\/it\/wp-json\/wp\/v2\/tags?post=497937"}],"curies":[{"name":"wp","href":"https:\/\/api.w.org\/{rel}","templated":true}]}}