{"id":498076,"date":"2026-05-19T15:17:28","date_gmt":"2026-05-19T15:17:28","guid":{"rendered":"https:\/\/www.europesays.com\/it\/498076\/"},"modified":"2026-05-19T15:17:28","modified_gmt":"2026-05-19T15:17:28","slug":"bagnaia-teme-per-il-suo-polso-sento-che-qualcosa-non-e-nella-posizione-corretta","status":"publish","type":"post","link":"https:\/\/www.europesays.com\/it\/498076\/","title":{"rendered":"Bagnaia teme per il suo polso: &#8220;Sento che qualcosa non \u00e8 nella posizione corretta&#8221;"},"content":{"rendered":"<p><a href=\"https:\/\/it.motorsport.com\/driver\/francesco-bagnaia-2-1445004012\/164617\/\" target=\"_blank\" rel=\"noopener nofollow\">Pecco Bagnaia<\/a> non esclude un infortunio al polso sinistro dopo essere rimasto coinvolto nel secondo grave incidente del Gran Premio di Catalogna di MotoGP. Dopo che un primo incidente tra <a href=\"https:\/\/it.motorsport.com\/driver\/pedro-acosta\/458181\/\" target=\"_blank\" rel=\"noopener nofollow\">Pedro Acosta<\/a>, <a href=\"https:\/\/it.motorsport.com\/driver\/alex-marquez\/163635\/\" target=\"_blank\" rel=\"noopener nofollow\">Alex Marquez<\/a> e <a href=\"https:\/\/it.motorsport.com\/driver\/fabio-di-giannantonio\/177448\/\" target=\"_blank\" rel=\"noopener nofollow\">Fabio Di Giannantonio<\/a> aveva costretto ad interrompere la gara con bandiera rossa, il circuito di Montmel\u00f3 \u00e8 stato sconvolto da una seconda scena da brivido.<\/p>\n<p>Alla prima delle due ripartenze, si \u00e8 verificato un altro incidente terrificante, una tripla caduta che ha visto <a href=\"https:\/\/it.motorsport.com\/driver\/johann-zarco\/163420\/\" target=\"_blank\" rel=\"noopener nofollow\">Johann Zarco<\/a> come principale protagonista, Pecco Bagnaia, nella cui <a href=\"https:\/\/it.motorsport.com\/team\/ducati\/2259\/\" target=\"_blank\" rel=\"noopener nofollow\">Ducati<\/a> \u00e8 rimasta incastrata la gamba del pilota francese, e <a href=\"https:\/\/it.motorsport.com\/driver\/luca-marini\/314649\/\" target=\"_blank\" rel=\"noopener nofollow\">Luca Marini<\/a>.<\/p>\n<p>Sebbene Bagnaia sia riuscito a riprendere la gara alla seconda ripartenza, finendo terzo a causa della penalit\u00e0 inflitta a <a href=\"https:\/\/it.motorsport.com\/driver\/joan-mir\/289394\/\" target=\"_blank\" rel=\"noopener nofollow\">Joan Mir<\/a>, la verit\u00e0 \u00e8 che continua ad accusare fastidi. Da un lato, un problema al polso sinistro, anche se dalla Ducati hanno comunicato luned\u00ec, durante i test MotoGP di Barcellona, che non sembrava grave. Dall&#8217;altro, un grande fastidio alle vertebre cervicali, che ha limitato il tre volte campione del mondo nelle prove collettive di Montmel\u00f3: ha potuto completare poco pi\u00f9 di 20 giri e ha chiuso decimo nella classifica dei tempi, a pi\u00f9 di mezzo secondo da Acosta.<\/p>\n<p>Il torinese ha deciso di non tenere il suo consueto &#8220;media scrum&#8221;, ovvero l&#8217;incontro con i giornalisti a fine giornata, perch\u00e9 era ancora dolorante e preferiva riposarsi. Ha per\u00f2 parlato con la produzione internazionale della MotoGP e, in alcune brevi dichiarazioni, ha spiegato che sta pensando di farsi controllare il polso marted\u00ec, al suo ritorno in Italia, perch\u00e9 sente che qualcosa non va dopo quanto accaduto nell&#8217;ultima gara.<\/p>\n<p>   <img decoding=\"async\" draggable=\"false\" src=\"https:\/\/www.europesays.com\/it\/wp-content\/uploads\/2026\/05\/johann-zarco-team-lcr-honda-fr.jpg\" alt=\"Johann Zarco, Team LCR Honda, Francesco Bagnaia, Ducati\" width=\"1200\" height=\"800\" loading=\"lazy\"\/> <\/p>\n<p class=\"title\">Johann Zarco, Team LCR Honda, Francesco Bagnaia, Ducati<\/p>\n<p class=\"photographer\">Foto di: Gold and Goose Photography \/ Getty Images<\/p>\n<p>&#8220;Forse dovr\u00f2 far controllare il polso quando torner\u00f2 a casa, perch\u00e9 sento che qualcosa non \u00e8 nella posizione corretta&#8221;, ha esordito il piemontese.<\/p>\n<p>\u00a0&#8220;Proveremo e vedremo, sicuramente far\u00f2 molta fisioterapia, facendo le cose giuste e senza esagerare troppo con l&#8217;allenamento, perch\u00e9 potrebbe peggiorare. La gara del Mugello \u00e8 una delle pi\u00f9 particolari, \u00e8 simile ad Austin in termini di quanta forza fisica richiede, quindi dobbiamo farci trovare pronti al 100%&#8221;, ha concluso.<\/p>\n<p>Se Bagnaia non dovesse riuscire ad andare al Mugello, sarebbe un duro colpo per il team ufficiale Ducati, che non ha potuto contare su <a href=\"https:\/\/it.motorsport.com\/driver\/marc-marquez\/159980\/\" target=\"_blank\" rel=\"noopener nofollow\">Marc Marquez<\/a> n\u00e9 domenica a Le Mans n\u00e9 nel GP di Catalogna a causa del suo incidente nella Sprint in Francia, dopo il quale ha dovuto sottoporsi a un intervento chirurgico al piede e alla spalla destra.<\/p>\n<p>Leggi anche:<\/p>\n<p>            Vogliamo la vostra opinione!<\/p>\n<p class=\"mt-auto\">Cosa vorresti vedere su Motorsport.com?<\/p>\n<p>            <a href=\"#\" class=\"ms-link text-link font-bold\">Partecipate al nostro sondaggio di 5 minuti.<\/a><\/p>\n<p class=\"mt-1 text-body\">&#8211; Il team di Motorsport.com<\/p>\n","protected":false},"excerpt":{"rendered":"Pecco Bagnaia non esclude un infortunio al polso sinistro dopo essere rimasto coinvolto nel secondo grave incidente del&hellip;\n","protected":false},"author":3,"featured_media":498077,"comment_status":"","ping_status":"","sticky":false,"template":"","format":"standard","meta":{"footnotes":"","_share_on_mastodon":"0"},"categories":[176],"tags":[2834,2360,1537,90,89,1785,276280,245,244],"class_list":["post-498076","post","type-post","status-publish","format-standard","has-post-thumbnail","category-sport","tag-ducati-team","tag-francesco-bagnaia","tag-it","tag-italia","tag-italy","tag-motogp","tag-motogp-bagnaia-teme-per-il-suo-polso-sento-che-qualcosa-non-u00e8-nella-posizione-corretta","tag-sport","tag-sports"],"share_on_mastodon":{"url":"https:\/\/pubeurope.com\/@it\/116601909975590191","error":""},"_links":{"self":[{"href":"https:\/\/www.europesays.com\/it\/wp-json\/wp\/v2\/posts\/498076","targetHints":{"allow":["GET"]}}],"collection":[{"href":"https:\/\/www.europesays.com\/it\/wp-json\/wp\/v2\/posts"}],"about":[{"href":"https:\/\/www.europesays.com\/it\/wp-json\/wp\/v2\/types\/post"}],"author":[{"embeddable":true,"href":"https:\/\/www.europesays.com\/it\/wp-json\/wp\/v2\/users\/3"}],"replies":[{"embeddable":true,"href":"https:\/\/www.europesays.com\/it\/wp-json\/wp\/v2\/comments?post=498076"}],"version-history":[{"count":0,"href":"https:\/\/www.europesays.com\/it\/wp-json\/wp\/v2\/posts\/498076\/revisions"}],"wp:featuredmedia":[{"embeddable":true,"href":"https:\/\/www.europesays.com\/it\/wp-json\/wp\/v2\/media\/498077"}],"wp:attachment":[{"href":"https:\/\/www.europesays.com\/it\/wp-json\/wp\/v2\/media?parent=498076"}],"wp:term":[{"taxonomy":"category","embeddable":true,"href":"https:\/\/www.europesays.com\/it\/wp-json\/wp\/v2\/categories?post=498076"},{"taxonomy":"post_tag","embeddable":true,"href":"https:\/\/www.europesays.com\/it\/wp-json\/wp\/v2\/tags?post=498076"}],"curies":[{"name":"wp","href":"https:\/\/api.w.org\/{rel}","templated":true}]}}