{"id":498096,"date":"2026-05-19T15:38:15","date_gmt":"2026-05-19T15:38:15","guid":{"rendered":"https:\/\/www.europesays.com\/it\/498096\/"},"modified":"2026-05-19T15:38:15","modified_gmt":"2026-05-19T15:38:15","slug":"marco-montingelli-arrestato-e-poi-rilasciato-le-minacce-dellattore-sono-nipote-di-salvini-e-conosco-piantedosi-vi-faccio-licenziare","status":"publish","type":"post","link":"https:\/\/www.europesays.com\/it\/498096\/","title":{"rendered":"Marco Montingelli arrestato (e poi rilasciato). Le minacce dell&#8217;attore: \u00abSono nipote di Salvini e conosco Piantedosi, vi faccio licenziare\u00bb"},"content":{"rendered":"<p>    di<br \/>\n    Rinaldo Frignani<\/p>\n<p class=\"summary-art is-line-h-12\">Il 35enne \u00e8 stato fermato l&#8217;altra notte da una pattuglia di carabinieri a piazzale delle Belle Arti dopo aver passato semafori rossi sul lungotevere dal centro e aver rischiato di causare un incidente. Arresto convalidato dal gip<\/p>\n<p class=\"chapter-paragraph\">L&#8217;auto che procede a destra e sinistra fra i veicoli sul lungotevere all&#8217;una di notte, passando semafori rossi dal centro fino ai Parioli. Ma il conducente non si accorge che dietro la sua Toyota Yaris c&#8217;\u00e8 una pattuglia dei carabinieri che segue le sue mosse e interviene quando il 35enne al volante rischia di causare un incidente <b>con la sua condotta di guida <\/b>in piazzale delle Belle Arti. <b>Una notte movimentata per Marco Montingelli, <\/b>attore di 35 anni, che ha recitato fra gli altri in \u00abNel tepore del ballo\u00bb e \u00abDante\u00bb di Pupi Avati, figlio di Saverio, noto giornalista sportivo della Rai. Ancor pi\u00f9 movimentata per quello che \u00e8 successo quando i carabinieri\u00a0 gli hanno intimato di scendere dalla vettura.\u00a0<\/p>\n<p class=\"chapter-paragraph\">Perch\u00e9 il giovane si sarebbe rivolto alla pattuglia dicendo\u00a0\u00abcomunisti di me&#8230;, voi non sapete chi sono io, sono il nipote di Salvini e conosco Piantedosi. Adesso vi faccio licenziare\u00bb. Uno dei militari dell&#8217;Arma \u00e8 rimasto lievemente ferito nel tentativo di far scendere Montingelli dalla vettura, poi successivament e il 35enne \u00e8 stato ammanettato e condotto in caserma.\u00a0\u00c8 risultato lievemente positivo all&#8217;alcoltest ma non oltre la soglia per il ritiro della patente, <b>ma \u00e8 stato accusato di resistenza e lesioni a pubblico ufficiale<\/b> al netto delle sanzioni per la guida. Marted\u00ec mattina l&#8217;attore \u00e8 comparso davanti al gip per la convalida e nei suoi confronti non sono stati presi ulteriori provvedimenti tanto che \u00e8 stato liberato in attesa del processo fissato per l&#8217;estate prossima. Il pm di turno aveva chiesto i domiciliari.\u00a0\u00a0    &#13;<br \/>\n&#13;<br \/>\n&#13;<br \/>\n&#13;<br \/>\n&#13;<br \/>\n&#13;<br \/>\n&#13;<br \/>\n&#13;<br \/>\n&#13;<br \/>\n&#13;<br \/>\n&#13;<br \/>\n&#13;<br \/>\n&#13;<br \/>\n&#13;<br \/>\n&#13;<br \/>\n&#13;<br \/>\n&#13;<br \/>\n&#13;<br \/>\n&#13;<br \/>\n&#13;<br \/>\n&#13;<br \/>\n&#13;<br \/>\n&#13;<br \/>\n&#13;<br \/>\n&#13;<br \/>\n&#13;<br \/>\n&#13;<br \/>\n&#13;<br \/>\n&#13;<br \/>\n&#13;<br \/>\n&#13;<br \/>\n&#13;<br \/>\n&#13;<br \/>\n&#13;<br \/>\n&#13;<br \/>\n&#13;<br \/>\n&#13;<br \/>\n&#13;<br \/>\n&#13;<br \/>\n&#13;<br \/>\n&#13;<br \/>\n&#13;<br \/>\n&#13;<br \/>\n&#13;<br \/>\n&#13;<br \/>\n&#13;<br \/>\n&#13;<br \/>\n&#13;<br \/>\n&#13;<br \/>\n&#13;<br \/>\n&#13;<br \/>\n&#13;<br \/>\n&#13;\n<\/p>\n<p class=\"is-mr-t-20 is-mr-b-20\"><b><br \/>\n                    <a href=\"https:\/\/roma.corriere.it\/?intcmp=Notizielocali_nd_010623_corriere_ss_roma\" target=\"_blank\" rel=\"nofollow noopener\">Vai a tutte le notizie di Roma<\/a><br \/>\n            <\/b><\/p>\n<p class=\"chapter-paragraph\"><b><a href=\"https:\/\/www.corriere.it\/newsletter\/?theme=52&amp;intcmp=NL-artic_nd_050624_corriere_ss_roma\" target=\"_blank\" rel=\"nofollow noopener\">Iscriviti alla newsletter di Corriere Roma<\/a><\/b><\/p>\n<p class=\"is-last-update\" datetime=\"2026-05-19T13:40:04+02:00\">19 maggio 2026<\/p>\n<p class=\"is-copyright\">\n            \u00a9 RIPRODUZIONE RISERVATA\n        <\/p>\n","protected":false},"excerpt":{"rendered":"di Rinaldo Frignani Il 35enne \u00e8 stato fermato l&#8217;altra notte da una pattuglia di carabinieri a piazzale delle&hellip;\n","protected":false},"author":3,"featured_media":498097,"comment_status":"","ping_status":"","sticky":false,"template":"","format":"standard","meta":{"footnotes":"","_share_on_mastodon":"0"},"categories":[1451],"tags":[52727,2382,17719,125721,3905,9227,276285,1621,1620,104,30498,276286,276287,203,5558,3453,298,204,1537,90,89,9749,276284,4476,39344],"class_list":["post-498096","post","type-post","status-publish","format-standard","has-post-thumbnail","category-celebrita","tag-arti","tag-attore","tag-belle","tag-belle-arti","tag-carabinieri","tag-causare","tag-causare-incidente","tag-celebrita","tag-celebrities","tag-centro","tag-conosco","tag-conosco-piantedosi","tag-conosco-piantedosi-licenziare","tag-entertainment","tag-gip","tag-guida","tag-incidente","tag-intrattenimento","tag-it","tag-italia","tag-italy","tag-licenziare","tag-montingelli","tag-notte","tag-pattuglia"],"share_on_mastodon":{"url":"https:\/\/pubeurope.com\/@it\/116601992609268271","error":""},"_links":{"self":[{"href":"https:\/\/www.europesays.com\/it\/wp-json\/wp\/v2\/posts\/498096","targetHints":{"allow":["GET"]}}],"collection":[{"href":"https:\/\/www.europesays.com\/it\/wp-json\/wp\/v2\/posts"}],"about":[{"href":"https:\/\/www.europesays.com\/it\/wp-json\/wp\/v2\/types\/post"}],"author":[{"embeddable":true,"href":"https:\/\/www.europesays.com\/it\/wp-json\/wp\/v2\/users\/3"}],"replies":[{"embeddable":true,"href":"https:\/\/www.europesays.com\/it\/wp-json\/wp\/v2\/comments?post=498096"}],"version-history":[{"count":0,"href":"https:\/\/www.europesays.com\/it\/wp-json\/wp\/v2\/posts\/498096\/revisions"}],"wp:featuredmedia":[{"embeddable":true,"href":"https:\/\/www.europesays.com\/it\/wp-json\/wp\/v2\/media\/498097"}],"wp:attachment":[{"href":"https:\/\/www.europesays.com\/it\/wp-json\/wp\/v2\/media?parent=498096"}],"wp:term":[{"taxonomy":"category","embeddable":true,"href":"https:\/\/www.europesays.com\/it\/wp-json\/wp\/v2\/categories?post=498096"},{"taxonomy":"post_tag","embeddable":true,"href":"https:\/\/www.europesays.com\/it\/wp-json\/wp\/v2\/tags?post=498096"}],"curies":[{"name":"wp","href":"https:\/\/api.w.org\/{rel}","templated":true}]}}