{"id":498285,"date":"2026-05-19T18:24:16","date_gmt":"2026-05-19T18:24:16","guid":{"rendered":"https:\/\/www.europesays.com\/it\/498285\/"},"modified":"2026-05-19T18:24:16","modified_gmt":"2026-05-19T18:24:16","slug":"una-vita-da-chitarrista-col-liga-il-live-gratuito-di-fede-poggipollini","status":"publish","type":"post","link":"https:\/\/www.europesays.com\/it\/498285\/","title":{"rendered":"Una vita da chitarrista col &#8220;Liga&#8221;: il live gratuito di Fede Poggipollini"},"content":{"rendered":"<p>\u00c8 <strong>il chitarrista del &#8220;Liga&#8221;<\/strong> per antonomasia. <strong>Federico Poggipollini<\/strong> ha suonato sui pi\u00f9 grandi successi discografici di Ligabue: <strong>&#8220;Buon compleanno Elvis&#8221;<\/strong>, &#8220;Su e gi\u00f9 da un palco&#8221;, &#8220;RadioFreccia &#8220;Miss Mondo &#8217;99&#8221;,\u00a0 &#8220;Giro d&#8217;Italia&#8221; e tantissimi altri dischi.<\/p>\n<p><strong>Capitan Fede sar\u00e0 a Mondov\u00ec sabato 13 giugno<\/strong> per <strong>un talk e un concerto gratuito con la sua band The Crumars<\/strong>. E per l&#8217;inaugurazione della mostra fotografica dedicata al Liga con le foto di Jarno Iotti.<\/p>\n<p><img loading=\"lazy\" decoding=\"async\" src=\"https:\/\/www.europesays.com\/it\/wp-content\/uploads\/2026\/05\/liga_22-1779205575612.jpg\" alt=\"\" width=\"1200\" height=\"1500\"\/><\/p>\n<p>La giornata inaugurale al Mov\u00ec Music Festival della <strong>mostra ALL AREAS \u2013 LUCIANO LIGABUE,<\/strong> che Jarno Iotti ha dedicato al musicista e amico, si arricchisce con un evento speciale.<\/p>\n<p>Federico Poggipollini, da oltre 30 anni chitarrista al fianco del Liga in studio e sul palco, annuncia la sua presenza al festival il 13 giugno, per un concerto con la sua band\u00a0<strong>\u00a0preceduto da un incontro a due voci durante il quale Capitan Fede e Jarno racconteranno s\u00e9 stessi,<\/strong> ma anche le storie di vita vissuta insieme durante i tanti anni trascorsi con Luciano Ligabue, fra aneddoti, ricordi e fatti attuali.<\/p>\n<p>Il programma della giornata, che si svolge nella cornice del <strong>Museo Civico della Stampa<\/strong>, interamente gratuito, prevede l\u2019apertura della mostra ALL AREAS \u2013 LUCIANO LIGABUE di Jarno Iotti alle 19:00, a seguire il talk fra Jarno e Federico Poggipollini alle 20:30 e infine il concerto con inizio alle 22:00.<\/p>\n<p><strong>Fede Poggipollini and the Crumars &#8211;<\/strong> un trio composto da Capitan Fede alla voce e chitarra,<strong> Ivano Zanotti alla batteria (anche lui nella band del &#8220;Liga&#8221;)<\/strong>\u00a0e Alberto Linari alle tastiere &#8211; propone <strong>brani tratti dagli album solisti del frontman, i pi\u00f9 recenti Nero e Canzoni Rubate<\/strong>, e varie cover, il tutto accomunato dal sound rock ricercato e per nulla scontato che contraddistingue la band, i cui componenti affondano le proprie radici nel blues americano, nel rock di ricerca italiano degli anni \u201970 e \u201980 e nel rock contemporaneo di matrice anglosassone.<\/p>\n<p>Il concerto al Mov\u00ec Music Festival, che si colloca <strong>fra le due tappe a Roma (il 12 giugno) e Torino (il 17) del tour di Ligabue \u201cCerte Notti \u2013 Stadi 2026\u201d<\/strong> nel quale Federico Poggipollini \u00e8 attualmente impegnato, \u00e8 quindi un\u2019occasione speciale quanto unica in questa stagione, nonch\u00e9 la degna conclusione nella giornata di apertura della mostra fotografica All Areas \u2013 Luciano Ligabue, che giunge a Mondov\u00ec a poco pi\u00f9 di due anni dalla residence di enorme successo a Palazzo dei Principi a Correggio.<\/p>\n<p><strong>L\u2019evento, unico appuntamento per il nord Italia,<\/strong> \u00e8 protagonista della sezione Mov\u00ec Cult del festival, che raccoglie iniziative culturali di prestigio con l\u2019obiettivo di approfondire i linguaggi della musica contemporanea attraverso fotografia, arti visive, incontri e talk dedicati.<\/p>\n<p>La mostra fotografica<\/p>\n<p>ALL AREAS \u2013 LUCIANO LIGABUE \u00e8 il racconto fotografico del viaggio percorso con il Liga nei vent\u2019anni e oltre trascorsi insieme \u201csu e gi\u00f9 da un palco\u201d \u2013 Jarno dietro l\u2019obiettivo, Luciano davanti, sempre pi\u00f9 libero e autentico. In mostra saranno esposte 70 stampe in cornice, formato 40&#215;30 cm, di scatti o sequenze che mostrano il musicista e cantante rock quasi sempre inconsapevole dell\u2019obiettivo che lo inquadra, colto in attimi di pura verit\u00e0, spesso sul palco durante i concerti ma anche in momenti che solitamente restano inediti per il pubblico (ma anche per il soggetto fotografato) in un infinito viaggio nella musica e nella vita. Inoltre ci saranno 7 ingrandimenti, formato 120 x 220 cm, una gigantografia formato 4 x 3 metri e una foto \u201cdel cuore\u201d \u2013 il primissimo scatto di Jarno al Liga, risalente al 2001 e catturato non su un palco ma sul set del film Da Zero a Dieci, scritto e diretto da Luciano.<\/p>\n<p>Il filo impalpabile che guida il percorso raccontato da ALL AREAS \u2013 LUCIANO LIGABUE \u00e8 dato da ispirazione e visione, unite al raro dono di saper scomparire dietro l\u2019obiettivo, <strong>caratteristiche che fanno di Jarno Iotti il fotografo capace come nessun altro di cogliere l\u2019attimo fuggente nell\u2019anima del musicista<\/strong> amico e concittadino. Luciano Ligabue nell\u2019introduzione alla mostra commenta cos\u00ec: \u201cJarno mi \u00e8 stato vicino per tanto tempo e, conoscendomi cos\u00ec bene, \u00e8 riuscito a ritrarmi nella mia versione pi\u00f9 vera, quella in cui \u201cnon sento\u201d la macchina fotografica.<\/p>\n<p>Il risultato lo potete vedere in questa mostra di cui sono molto felice non tanto per me come soggetto (ma s\u00ec, poi, anche quello), quanto per lui come autore. E devo ringraziarlo perch\u00e9 <strong>questa serie di scatti sono una specie di diario<\/strong> che non ho scritto io, ma che, ricordandomi dove sono stato e che cosa ho fatto, mi muove profonde emozioni\u201d.<\/p>\n<p>Le fotografie esposte sono <strong>corredate e commentate da 18 aneddoti che riguardano alcuni scatti a cui l\u2019autore \u00e8 particolarmente legato<\/strong> e dall\u2019emozionata introduzione scritta da Luciano Ligabue dopo avere visto le foto, dalla quale riportiamo un altro passaggio: \u201cPoi si \u00e8 specializzato nelle foto dei nostri live. L\u00ec non c\u2019erano pose che dovevo tenere e il suo obiettivo puntato non lo vedevo quasi mai. Quelle foto me le mostrava con orgoglio. Mi piacevano sempre di pi\u00f9. Raccontavano la verit\u00e0\u201d.<\/p>\n<p>\u00abUn viaggio fotografico ed emozionale nel cammino artistico di uno dei pi\u00f9 grandi interpreti della musica italiana &#8211; il commento del sindaco Luca Robaldo e dell\u2019assessore alle Manifestazioni Alessandro Terreno &#8211; per un progetto espositivo che conferma l\u2019autorevolezza culturale del Movi Cult. Grazie all\u2019esposizione All Areas &#8211; Luciano Ligabue di Jarno Iotti, la nostra citt\u00e0 si prepara ad ospitare una mostra capace di raccontare il dietro le quinte dell\u2019artista e dei suoi fan. Uno straordinario intreccio tra il lato musicale e quello pi\u00f9 umano, per una proposta artistica in perfetto dialogo metaforico con le pregresse mostre di Henry Ruggeri e Marky Ramone. <strong>Mondov\u00ec 2026 dopo Correggio 2024,<\/strong> allora, per una simbiosi fotografica che testimonia la vivacit\u00e0 del mondo provinciale che accomuna le rispettive comunit\u00e0 e che ha profondamente influito nel percorso creativo di Ligabue\u00bb.\u00a0<\/p>\n","protected":false},"excerpt":{"rendered":"\u00c8 il chitarrista del &#8220;Liga&#8221; per antonomasia. Federico Poggipollini ha suonato sui pi\u00f9 grandi successi discografici di Ligabue:&hellip;\n","protected":false},"author":3,"featured_media":498286,"comment_status":"","ping_status":"","sticky":false,"template":"","format":"standard","meta":{"footnotes":"","_share_on_mastodon":"0"},"categories":[1443],"tags":[1589,12224,203,276344,204,1537,90,89,34106,11176,208423,1538,1539,276343,1563],"class_list":["post-498285","post","type-post","status-publish","format-standard","has-post-thumbnail","category-musica","tag-chitarrista","tag-cult","tag-entertainment","tag-fede-poggipollini","tag-intrattenimento","tag-it","tag-italia","tag-italy","tag-liga","tag-ligabue","tag-movi-festival","tag-music","tag-musica","tag-poggipollini","tag-rock"],"share_on_mastodon":{"url":"https:\/\/pubeurope.com\/@it\/116602646020222266","error":""},"_links":{"self":[{"href":"https:\/\/www.europesays.com\/it\/wp-json\/wp\/v2\/posts\/498285","targetHints":{"allow":["GET"]}}],"collection":[{"href":"https:\/\/www.europesays.com\/it\/wp-json\/wp\/v2\/posts"}],"about":[{"href":"https:\/\/www.europesays.com\/it\/wp-json\/wp\/v2\/types\/post"}],"author":[{"embeddable":true,"href":"https:\/\/www.europesays.com\/it\/wp-json\/wp\/v2\/users\/3"}],"replies":[{"embeddable":true,"href":"https:\/\/www.europesays.com\/it\/wp-json\/wp\/v2\/comments?post=498285"}],"version-history":[{"count":0,"href":"https:\/\/www.europesays.com\/it\/wp-json\/wp\/v2\/posts\/498285\/revisions"}],"wp:featuredmedia":[{"embeddable":true,"href":"https:\/\/www.europesays.com\/it\/wp-json\/wp\/v2\/media\/498286"}],"wp:attachment":[{"href":"https:\/\/www.europesays.com\/it\/wp-json\/wp\/v2\/media?parent=498285"}],"wp:term":[{"taxonomy":"category","embeddable":true,"href":"https:\/\/www.europesays.com\/it\/wp-json\/wp\/v2\/categories?post=498285"},{"taxonomy":"post_tag","embeddable":true,"href":"https:\/\/www.europesays.com\/it\/wp-json\/wp\/v2\/tags?post=498285"}],"curies":[{"name":"wp","href":"https:\/\/api.w.org\/{rel}","templated":true}]}}