{"id":498603,"date":"2026-05-19T23:11:15","date_gmt":"2026-05-19T23:11:15","guid":{"rendered":"https:\/\/www.europesays.com\/it\/498603\/"},"modified":"2026-05-19T23:11:15","modified_gmt":"2026-05-19T23:11:15","slug":"sinner-compro-spesso-la-gazzetta-ma-salto-le-pagine-di-tennis-so-tutto","status":"publish","type":"post","link":"https:\/\/www.europesays.com\/it\/498603\/","title":{"rendered":"Sinner: &#8220;Compro spesso la Gazzetta, ma salto le pagine di tennis: so tutto&#8230;&#8221;"},"content":{"rendered":"<p>                                In un&#8217;intervista rilasciata a L&#8217;Equipe Magazine dopo la vittoria di Montecarlo, l&#8217;azzurro ha parlato di tutto, anche del caso Clostebol: &#8220;Ho pagato il prezzo di un errore che non era mio: in campo, nel periodo prima della sospensione, sembravo molto triste e in effetti lo ero. Poi rientrare a Roma mi ha fatto sentire felice&#8221;<\/p>\n<p>            <a class=\"image is-50x50\" href=\"https:\/\/www.gazzetta.it\/collaboratori\/lorenzo-topello\/\" rel=\"nofollow noopener\" target=\"_blank\"><br \/>\n                <img decoding=\"async\" class=\"is-rounded\" src=\"https:\/\/www.europesays.com\/it\/wp-content\/uploads\/2025\/10\/1761672371_630_omino.png\" alt=\"Lorenzo Topello\"\/><br \/>\n            <\/a><\/p>\n<p>Collaboratore<\/p>\n<p>                    19 maggio &#8211; 23:46  &#8211; MILANO<\/p>\n<p class=\"paragraph\" spellcheck=\"true\">Nella valigia di Jannik Sinner, fra un torneo e l&#8217;altro, si imbarcano con delicatezza i joystick per la Playstation, ma c&#8217;\u00e8 uno scomparto speciale pure per&#8230; la Gazzetta: &#8220;Mi piace leggere i giornali perch\u00e8 penso sia importante sapere cosa succede nel mondo, e quando ne ho l&#8217;occasione compro volentieri la Gazzetta dello Sport&#8221; ha raccontato il numero 1 in esclusiva a L&#8217;Equipe Magazine. Con una battuta extra: &#8220;Le pagine del tennis le salto, perch\u00e8 so gi\u00e0 cosa succede&#8230; leggo quelle di calcio, \u00e8 uno sport molto importante in Italia&#8221;. Una curiosit\u00e0 rosea che arricchisce la lunga intervista di Jannik rilasciata lo scorso 12 aprile: dall&#8217;ultimo Roland Garros alle serie viste su Netflix, dall&#8217;esempio dei genitori alla reazione dopo il caso Clostebol, tantissimi i temi toccati dall&#8217;azzurro.\u00a0<\/p>\n<p>    al roland garros\u2014 \u00a0<\/p>\n<p class=\"paragraph is-inline\" spellcheck=\"true\">Sinner ha parlato a L&#8217;Equipe una volta conquistato il titolo di Montecarlo, quella spilla dorata di Costa Azzurra che concentra il Masters 1000 di tennis e il Gran Premio della sua amata Formula 1: &#8220;A volte mi faccio un giro in macchina anche io. Quando finisco l&#8217;allenamento accendo la musica e guido per venti o trenta minuti. Hobby? Oltre ai videogiochi guardo Netflix: devo finire His &amp; Hers. Mi manca solo un episodio&#8221;. Da gustare fra una pagina e l&#8217;altra della Gazzetta. Poi la chiacchierata varca i cancelli del campo da tennis e tocca subito l&#8217;amara finale del Roland Garros 2025: &#8220;Sarebbe una bugia dire che \u00e8 stato facile voltare pagina. Ma ho cercato di guardare immediatamente avanti. Ho imparato grandi lezioni da quella sconfitta in Francia: \u00e8 cos\u00ec che ho vinto a Wimbledon subito dopo. E ho trovato una certezza: quella di poter giocare bene anche su terra battuta&#8221;. Aveva ragione lui: fino a poche settimane fa aveva vinto solo un torneo sul rosso (Umago 2022, curiosamente battendo Alcaraz in finale), oggi al conto ha aggiunto il tris Montecarlo-Madrid-Roma.<\/p>\n<p>    dopo il clostebol\u2014 \u00a0<\/p>\n<p class=\"paragraph is-inline\" spellcheck=\"true\">Jannik ha toccato anche un tema delicato come il periodo della sospensione dopo il caso Clostebol, l&#8217;anno scorso: &#8220;Non direi che mi abbia proprio cambiato, ma ho capito sicuramente un paio di cose. Ho pagato il prezzo di un errore che non era mio: in campo, nel periodo prima della sospensione, sembravo molto triste. E in effetti lo ero: non mi sentivo libero. Non ne parlavo con nessuno, e dopo l&#8217;esperienza ho capito chi sono i miei veri amici, e questo mi ha aiutato. Ma credo che nulla accada per caso. Poi una mattina mi sono svegliato con l&#8217;idea di trasformarlo tutto in positivo. Ho trascorso del tempo con la mia famiglia, poi sono tornato al lavolo dedicandomi molto alla palestra. E quando sono rientrato in campo, a Roma, mi sentivo felice e sollevato. Volevo solo godermi il momento, ci sono riuscito e ho giocato un tennis fantastico&#8221;.\u00a0<\/p>\n<p>    famiglia\u2014 \u00a0<\/p>\n<p class=\"paragraph is-inline\" spellcheck=\"true\">Sinner ha resettato e vinto, da vero numero 1. O da robot, come molti lo definiscono: &#8220;Ma non lo trovo un paragone dispregiativo. \u00c8 cos\u00ec che funziono: cerco di essere il pi\u00f9 preciso possibile sempre. Mi immaginano come un giocatore senza emozioni, ma \u00e8 perch\u00e8 mi sento molto concentrato sulle cose da fare. Serve una condizione fisica e mentale eccezionale. Ma il top del potenziale non si pu\u00f2 raggiungere a 24 anni: il desiderio \u00e8 arrivarci fra qualche anno. Vorrei diventare un giocatore che serve molto bene, aggressivo e capace di leggere ogni situazione&#8221;. Lavoro costante, come insegnano pap\u00e0 Hanspeter e mamma Siglinde: &#8220;Da piccolo li vedevo solo la sera e la mattina presto. Ricordo che, indipendentemente da ci\u00f2 che accadeva al ristorante, i miei genitori tornavano sempre a casa col sorriso. Dai miei genitori ho imparato a vivere nel presente, senza guardare troppo avanti o indietro. E cercando di fare sempre del mio meglio&#8221;.\u00a0<\/p>\n<p><a class=\"is-partner-link\" href=\"https:\/\/abbonamenti.gazzetta.it\/sinner-re-roma-poster-de\/?pwcmp=cta&amp;forceBrowser=true\" rel=\"nofollow noopener\" target=\"_blank\">Sinner RE di Roma: abbonati alla Digital Edition + Poster Prima Pagina a 4,99\u20ac\/mese<\/a><\/p>\n<p>    equilibrio\u2014 \u00a0<\/p>\n<p class=\"paragraph is-inline\" spellcheck=\"true\">E le pressioni come si combattono? &#8220;Io cerco di vivere nel modo pi\u00f9 normale possibile. Non ho n\u00e8 desiderio n\u00e8 bisogno di vantarmi. Sono contento di ci\u00f2 che ho e felice soprattutto di trovarmi in salute. Ho scelto una vita con sacrifici, ma ci vuole anche equilibrio: si hanno 24 anni una sola volta, cerco di godermeli. E io ho trovato un buon equilibrio&#8221;. Un passaggio anche sulla residenza al Principato e il legame con l&#8217;Italia: &#8220;Ho scelto Monaco per la tranquillit\u00e0 e le strutture perfette. Se fossi rimasto ad allenarmi a casa non sarei stato nelle condizioni per diventare il miglior giocatore possibile. Certo, la mia famiglia mi manca: i miei nonni invecchiano e vorrei poterli vedere pi\u00f9 spesso&#8221;. Madre Italia lo chiama e lo ama, come nell&#8217;ultima esaltante campagna romana al Foro Italico: &#8220;E io sono fiero di essere italiano&#8221;.<\/p>\n<p class=\"is-copyright\">\u00a9 RIPRODUZIONE RISERVATA<\/p>\n","protected":false},"excerpt":{"rendered":"In un&#8217;intervista rilasciata a L&#8217;Equipe Magazine dopo la vittoria di Montecarlo, l&#8217;azzurro ha parlato di tutto, anche del&hellip;\n","protected":false},"author":3,"featured_media":498604,"comment_status":"","ping_status":"","sticky":false,"template":"","format":"standard","meta":{"footnotes":"","_share_on_mastodon":"0"},"categories":[1457],"tags":[7920,3648,921,276499,276500,3079,4018,483,5494,131191,122,12270,2096,9606,37725,276501,6196,276502,276503,1909,2245,1426,3650,1280,2753,564,25936,4877,48,1282,1537,90,89,1269,5779,32961,4964,4557,15117,3166,1312,14594,1667,276498,4565,32851,14175,987,366,10547,245,244,1273,2200],"class_list":["post-498603","post","type-post","status-publish","format-standard","has-post-thumbnail","category-tennis","tag-azzurro","tag-battuta","tag-campo","tag-campo-periodo","tag-campo-periodo-sospensione","tag-capito","tag-cerco","tag-cio","tag-clostebol","tag-compro","tag-cose","tag-desiderio","tag-effetti","tag-equilibrio","tag-equipe","tag-equipe-magazine","tag-errore","tag-errore-campo","tag-errore-campo-periodo","tag-famiglia","tag-felice","tag-finale","tag-garros","tag-gazzetta","tag-genitori","tag-giocatore","tag-guardare","tag-imparato","tag-importante","tag-intervista","tag-it","tag-italia","tag-italy","tag-jannik","tag-leggere","tag-magazine","tag-manca","tag-mattina","tag-montecarlo","tag-netflix","tag-numero","tag-perche","tag-periodo","tag-periodo-sospensione","tag-possibile","tag-roland","tag-roland-garros","tag-roma","tag-sinner","tag-sospensione","tag-sport","tag-sports","tag-tennis","tag-vinto"],"share_on_mastodon":{"url":"","error":"Validation failed: Text character limit of 500 exceeded"},"_links":{"self":[{"href":"https:\/\/www.europesays.com\/it\/wp-json\/wp\/v2\/posts\/498603","targetHints":{"allow":["GET"]}}],"collection":[{"href":"https:\/\/www.europesays.com\/it\/wp-json\/wp\/v2\/posts"}],"about":[{"href":"https:\/\/www.europesays.com\/it\/wp-json\/wp\/v2\/types\/post"}],"author":[{"embeddable":true,"href":"https:\/\/www.europesays.com\/it\/wp-json\/wp\/v2\/users\/3"}],"replies":[{"embeddable":true,"href":"https:\/\/www.europesays.com\/it\/wp-json\/wp\/v2\/comments?post=498603"}],"version-history":[{"count":0,"href":"https:\/\/www.europesays.com\/it\/wp-json\/wp\/v2\/posts\/498603\/revisions"}],"wp:featuredmedia":[{"embeddable":true,"href":"https:\/\/www.europesays.com\/it\/wp-json\/wp\/v2\/media\/498604"}],"wp:attachment":[{"href":"https:\/\/www.europesays.com\/it\/wp-json\/wp\/v2\/media?parent=498603"}],"wp:term":[{"taxonomy":"category","embeddable":true,"href":"https:\/\/www.europesays.com\/it\/wp-json\/wp\/v2\/categories?post=498603"},{"taxonomy":"post_tag","embeddable":true,"href":"https:\/\/www.europesays.com\/it\/wp-json\/wp\/v2\/tags?post=498603"}],"curies":[{"name":"wp","href":"https:\/\/api.w.org\/{rel}","templated":true}]}}