{"id":498662,"date":"2026-05-19T23:55:15","date_gmt":"2026-05-19T23:55:15","guid":{"rendered":"https:\/\/www.europesays.com\/it\/498662\/"},"modified":"2026-05-19T23:55:15","modified_gmt":"2026-05-19T23:55:15","slug":"poverta-in-europa-italia-sopra-la-media-ue-forte-divario-tra-regioni-e-capitali-secondo-eurostat","status":"publish","type":"post","link":"https:\/\/www.europesays.com\/it\/498662\/","title":{"rendered":"Povert\u00e0 in Europa: Italia sopra la media UE, forte divario tra regioni e capitali secondo Eurostat"},"content":{"rendered":"\n<p class=\"yf-1fy9kyt\">Nel 2025, 92,7 milioni di persone nell\u2019Unione europea risultano a <a href=\"https:\/\/it.euronews.com\/my-europe\/2026\/05\/06\/la-commissione-europea-vuole-eliminare-la-poverta-nel-blocco-entro-il-2050\" rel=\"nofollow noopener\" target=\"_blank\" data-ylk=\"slk:rischio di povert\u00e0 o esclusione sociale;elm:context_link;itc:0;sec:content-canvas\" data-yga=\"{&quot;yLinkElement&quot;:&quot;context_link&quot;,&quot;yModuleName&quot;:&quot;content-canvas&quot;,&quot;yLinkText&quot;:&quot;rischio di povert\u00e0 o esclusione sociale&quot;}\" class=\"link \">rischio di povert\u00e0 o esclusione sociale<\/a>. Si tratta del 20,9% della popolazione totale, ovvero quasi una persona su cinque. I tassi AROPE (At Risk of Poverty or Social Exclusion) variano in modo significativo non solo tra i Paesi europei, ma anche all\u2019interno dei singoli Stati e tra le diverse regioni.<\/p>\n<p class=\"yf-1fy9kyt\">Ma quali sono i Paesi e le regioni con i livelli pi\u00f9 elevati di rischio di povert\u00e0? E quanto \u00e8 ampio il divario tra le capitali e le rispettive medie nazionali?<\/p>\n<p class=\"yf-1fy9kyt\">Secondo i dati Eurostat, <strong>la Bulgaria (29,0%), la Grecia (27,5%) e la Romania (27,4%) registrano i tassi AROPE pi\u00f9 elevati nel 2025<\/strong>. I valori pi\u00f9 bassi si osservano invece in Cechia (11,5%), Polonia (15,0%) e Slovenia (15,5%).<\/p>\n<p class=\"yf-1fy9kyt\">Tra le quattro maggiori economie dell\u2019UE, la Spagna si distingue per il dato pi\u00f9 alto, con il 25,7% della popolazione a rischio di povert\u00e0 o esclusione sociale, quindi pi\u00f9 di una persona su quattro. <strong>Germania (21,2%) e Italia (22,6%) si collocano entrambe sopra la media europea del 20,9%<\/strong>, mentre la Francia (20,8%) risulta leggermente al di sotto.<\/p>\n<p>      Rischio di povert\u00e0 nelle capitali europee    <\/p>\n<p class=\"yf-1fy9kyt\">Il quadro cambia sensibilmente se si analizzano le capitali. Tra le 24 capitali europee per cui sono disponibili dati, i tassi AROPE variano dal 2,9% di Bratislava al 33,6% di Bruxelles. N\u00e9 la Slovacchia n\u00e9 il Belgio figurano tra i Paesi con i valori pi\u00f9 estremi a livello nazionale, ma le loro capitali rappresentano gli estremi della distribuzione.<\/p>\n<p class=\"yf-1fy9kyt\">Vienna (29,4%) e Berlino (24,4%) seguono Bruxelles nella parte alta della classifica. Anche Atene (23,6%), Parigi (20,9%) e Roma (20,7%) registrano valori superiori a un quinto della popolazione.<\/p>\n<p class=\"yf-1fy9kyt\">Le capitali dell\u2019Europa orientale mostrano invece tassi generalmente pi\u00f9 bassi: oltre a Bratislava, anche Varsavia (7,1%) e Praga (9,1%) si attestano su valori a una cifra. Budapest, Zagabria, Lubiana e Bucarest restano tutte sotto la soglia del 15%.<\/p>\n<p>         Il divario tra capitali e medie nazionali    <\/p>\n<p class=\"yf-1fy9kyt\">Nella maggior parte dei Paesi, la regione della capitale presenta un tasso AROPE inferiore alla media nazionale, ma non mancano eccezioni significative.<\/p>\n<p class=\"yf-1fy9kyt\">Il caso pi\u00f9 evidente \u00e8 quello del Belgio: <strong>Bruxelles registra il 33,6% contro una media nazionale del 16,5%<\/strong>, con un divario di 17,1 punti percentuali. Seguono Vienna, con un livello superiore di 10,6 punti rispetto alla media austriaca, e Berlino, con uno scarto di 3,2 punti. A Amsterdam, Copenaghen e Parigi le differenze sono invece minime.<\/p>\n<p class=\"yf-1fy9kyt\">In senso opposto, la Slovacchia presenta un divario molto marcato: la media nazionale \u00e8 13,8 punti percentuali pi\u00f9 alta rispetto a Bratislava. Anche la Romania mostra una forte distanza tra Bucarest e il dato nazionale.<\/p>\n<p class=\"yf-1fy9kyt\">Tra le quattro principali economie europee, la Spagna evidenzia un divario significativo: la media nazionale (25,7%) \u00e8 superiore a quella di Madrid (19,4%), con una differenza di 6,3 punti. <strong>In Italia lo scarto \u00e8 pi\u00f9 contenuto (1,9 punti), ma il dato nazionale resta comunque superiore a quello della capitale, Roma.<\/strong><\/p>\n<p>       Le disuguaglianze regionali in Europa   <\/p>\n<p class=\"yf-1fy9kyt\">Considerando tutte le regioni europee, i divari interni diventano ancora pi\u00f9 evidenti. L\u2019Italia registra uno dei gap pi\u00f9 ampi: si passa dal 45,3% della Calabria al 5,6% della Valle d\u2019Aosta, con una differenza di 39,7 punti percentuali. In Spagna, il divario tra Ciudad de Melilla e Paesi Baschi \u00e8 di 29 punti.<\/p>\n<p class=\"yf-1fy9kyt\">Le differenze pi\u00f9 contenute si registrano invece in Finlandia, con uno scarto di soli 3 punti tra Helsinki-Uusimaa (15,5%) e L\u00e4nsi-Suomi (18,5%). Anche Portogallo, Slovenia e Danimarca mostrano una maggiore omogeneit\u00e0 interna.<\/p>\n<p class=\"yf-1fy9kyt\"><strong>Nel 2025, si contano 20 regioni europee in cui almeno un terzo della popolazione \u00e8 a rischio di povert\u00e0 o esclusione sociale<\/strong>. Queste aree si concentrano <strong>soprattutto in Italia<\/strong>, Spagna e Bulgaria (quattro regioni ciascuna) e Grecia (tre regioni).<\/p>\n<p class=\"yf-1fy9kyt\">Il gruppo include anche aree urbane dell\u2019Europa occidentale come la Regione di Bruxelles-Capitale (33,6%) e Brema in Germania (35,4%), oltre al Canton Ticino in Svizzera (33,1%).<\/p>\n<p>       Che cosa significa AROPE   <\/p>\n<p class=\"yf-1fy9kyt\">Secondo Eurostat, l\u2019indicatore AROPE misura la quota di persone che si trovano almeno in una delle seguenti condizioni: rischio di povert\u00e0, grave deprivazione materiale e sociale (SMSD) oppure bassa intensit\u00e0 lavorativa.<\/p>\n<p class=\"yf-1fy9kyt\">La soglia di povert\u00e0 \u00e8 fissata al 60% del reddito mediano nazionale disponibile dopo i trasferimenti sociali. La deprivazione materiale e sociale indica invece la mancanza di beni e condizioni di vita considerati essenziali per un\u2019esistenza dignitosa.<\/p>\n","protected":false},"excerpt":{"rendered":"Nel 2025, 92,7 milioni di persone nell\u2019Unione europea risultano a rischio di povert\u00e0 o esclusione sociale. Si tratta&hellip;\n","protected":false},"author":3,"featured_media":498663,"comment_status":"","ping_status":"","sticky":false,"template":"","format":"standard","meta":{"footnotes":"","_share_on_mastodon":"0"},"categories":[160],"tags":[14,164,165,276523,276522,166,7,15,33124,11,167,12,168,161,162,163],"class_list":["post-498662","post","type-post","status-publish","format-standard","has-post-thumbnail","category-mondo","tag-cronaca","tag-dal-mondo","tag-dalmondo","tag-esclusione-sociale","tag-la-romania","tag-mondo","tag-news","tag-notizie","tag-poverta","tag-ultime-notizie","tag-ultime-notizie-di-mondo","tag-ultimenotizie","tag-ultimenotiziedimondo","tag-world","tag-world-news","tag-worldnews"],"share_on_mastodon":{"url":"https:\/\/pubeurope.com\/@it\/116603946871430065","error":""},"_links":{"self":[{"href":"https:\/\/www.europesays.com\/it\/wp-json\/wp\/v2\/posts\/498662","targetHints":{"allow":["GET"]}}],"collection":[{"href":"https:\/\/www.europesays.com\/it\/wp-json\/wp\/v2\/posts"}],"about":[{"href":"https:\/\/www.europesays.com\/it\/wp-json\/wp\/v2\/types\/post"}],"author":[{"embeddable":true,"href":"https:\/\/www.europesays.com\/it\/wp-json\/wp\/v2\/users\/3"}],"replies":[{"embeddable":true,"href":"https:\/\/www.europesays.com\/it\/wp-json\/wp\/v2\/comments?post=498662"}],"version-history":[{"count":0,"href":"https:\/\/www.europesays.com\/it\/wp-json\/wp\/v2\/posts\/498662\/revisions"}],"wp:featuredmedia":[{"embeddable":true,"href":"https:\/\/www.europesays.com\/it\/wp-json\/wp\/v2\/media\/498663"}],"wp:attachment":[{"href":"https:\/\/www.europesays.com\/it\/wp-json\/wp\/v2\/media?parent=498662"}],"wp:term":[{"taxonomy":"category","embeddable":true,"href":"https:\/\/www.europesays.com\/it\/wp-json\/wp\/v2\/categories?post=498662"},{"taxonomy":"post_tag","embeddable":true,"href":"https:\/\/www.europesays.com\/it\/wp-json\/wp\/v2\/tags?post=498662"}],"curies":[{"name":"wp","href":"https:\/\/api.w.org\/{rel}","templated":true}]}}