{"id":498749,"date":"2026-05-20T01:16:16","date_gmt":"2026-05-20T01:16:16","guid":{"rendered":"https:\/\/www.europesays.com\/it\/498749\/"},"modified":"2026-05-20T01:16:16","modified_gmt":"2026-05-20T01:16:16","slug":"caccia-nato-abbatte-droni-ucraini-sullestonia-kiev-chiede-scusa-il-tempo","status":"publish","type":"post","link":"https:\/\/www.europesays.com\/it\/498749\/","title":{"rendered":"Caccia Nato abbatte droni ucraini sull&#8217;Estonia. Kiev chiede scusa \u2013 Il Tempo"},"content":{"rendered":"<p>            <img decoding=\"async\" src=\"https:\/\/www.europesays.com\/it\/wp-content\/uploads\/2026\/05\/124549065-9d8cd9c7-059f-4ae4-8b4e-50da89c2799a.jpg\" class=\"lazy\" alt=\"\"\/><\/p>\n<p>        Foto: Ansa\u00a0<\/p>\n<p>\t\t\t\t\t\t\t<a href=\"\" class=\"author\">Francesca Mariani<\/a><\/p>\n<p>\t\t\t\t\t\t\t19 maggio 2026<\/p>\n<p>Un caccia della Nato ha abbattuto un drone ucraino nei cieli dell&#8217;Estonia.Il velivolo senza pilota \u00e8 stato intercettato sopra il lago V\u00f6rtsj\u00e4rv. Il ministro della Difesa estone Hanno Pevkur ha confermato la notizia, sostenendo\u00a0che molto probabilmente si trattava di un drone ucraino, puntato verso obiettivi nella Russia nord-occidentale ma deviato nella direzione sbagliata.\u00a0\u00a0Questa teoria \u00e8 stata confermata anche dal presidente della commissione per gli affari esteri del parlamento estone, Marko Mihkelson . La premier del paese baltico Kristen Michal ha sottolineato che l&#8217;abbattimento dimostra &#8220;che siamo ancora in grado di gestire la situazione&#8221;.\u00a0Non sono state segnalate vittime civili n\u00e9 danni. Intorno a mezzogiorno ora locale, sia l&#8217;Estonia che la Lettonia hanno emesso avvisi di presenza di droni in alcune parti dei rispettivi territori. L&#8217;alleanza Atlantica sta indagando sull&#8217;incidente e ha fatto sapere di essere &#8220;pronta&#8221; a reagire a qualsiasi minaccia.\u00a0Il portavoce del ministero degli Esteri ucraino Heorhii Tykhyi ha accusato la Russia di &#8220;utilizzare la guerra elettronica&#8221; per disturbare e reindirizzare i droni ucraini verso i Paesi baltici. Poi ha chiesto scusa all&#8217;Estonia.<\/p>\n<p>\u00a0<\/p>\n","protected":false},"excerpt":{"rendered":"Foto: Ansa\u00a0 Francesca Mariani 19 maggio 2026 Un caccia della Nato ha abbattuto un drone ucraino nei cieli&hellip;\n","protected":false},"author":3,"featured_media":498750,"comment_status":"","ping_status":"","sticky":false,"template":"","format":"standard","meta":{"footnotes":"","_share_on_mastodon":"0"},"categories":[160],"tags":[14,164,165,39541,166,2737,7,15,170,11,167,12,168,161,162,163],"class_list":["post-498749","post","type-post","status-publish","format-standard","has-post-thumbnail","category-mondo","tag-cronaca","tag-dal-mondo","tag-dalmondo","tag-estonia","tag-mondo","tag-nato","tag-news","tag-notizie","tag-ucraina","tag-ultime-notizie","tag-ultime-notizie-di-mondo","tag-ultimenotizie","tag-ultimenotiziedimondo","tag-world","tag-world-news","tag-worldnews"],"share_on_mastodon":{"url":"https:\/\/pubeurope.com\/@it\/116604265826128972","error":""},"_links":{"self":[{"href":"https:\/\/www.europesays.com\/it\/wp-json\/wp\/v2\/posts\/498749","targetHints":{"allow":["GET"]}}],"collection":[{"href":"https:\/\/www.europesays.com\/it\/wp-json\/wp\/v2\/posts"}],"about":[{"href":"https:\/\/www.europesays.com\/it\/wp-json\/wp\/v2\/types\/post"}],"author":[{"embeddable":true,"href":"https:\/\/www.europesays.com\/it\/wp-json\/wp\/v2\/users\/3"}],"replies":[{"embeddable":true,"href":"https:\/\/www.europesays.com\/it\/wp-json\/wp\/v2\/comments?post=498749"}],"version-history":[{"count":0,"href":"https:\/\/www.europesays.com\/it\/wp-json\/wp\/v2\/posts\/498749\/revisions"}],"wp:featuredmedia":[{"embeddable":true,"href":"https:\/\/www.europesays.com\/it\/wp-json\/wp\/v2\/media\/498750"}],"wp:attachment":[{"href":"https:\/\/www.europesays.com\/it\/wp-json\/wp\/v2\/media?parent=498749"}],"wp:term":[{"taxonomy":"category","embeddable":true,"href":"https:\/\/www.europesays.com\/it\/wp-json\/wp\/v2\/categories?post=498749"},{"taxonomy":"post_tag","embeddable":true,"href":"https:\/\/www.europesays.com\/it\/wp-json\/wp\/v2\/tags?post=498749"}],"curies":[{"name":"wp","href":"https:\/\/api.w.org\/{rel}","templated":true}]}}